{"id":48117,"date":"2023-11-30T13:21:27","date_gmt":"2023-11-30T19:21:27","guid":{"rendered":"https:\/\/encuentroinformativo.com.mx\/?p=48117"},"modified":"2023-11-30T13:21:31","modified_gmt":"2023-11-30T19:21:31","slug":"familiares-de-jovenes-fallecidos-en-cuartel-de-san-jose-protestan-en-fiscalia","status":"publish","type":"post","link":"https:\/\/encuentroinformativo.com.mx\/?p=48117","title":{"rendered":"Familiares de j\u00f3venes fallecidos en cuartel de San Jos\u00e9, protestan en Fiscal\u00eda"},"content":{"rendered":"\n<p><strong>Juan Arcos<\/strong><\/p>\n\n\n\n<p>Xalapa, Ver.- Familiares de los tres j\u00f3venes que murieron al interior del cuartel \u201cHeriberto Jara Corona\u201d, mejor conocido como \u201cSan Jos\u00e9\u201d, protestaron afuera de la Fiscal\u00eda General del Estado (FGE), en la zona sur de la ciudad de Xalapa, para exigir justicia por estos casos.<\/p>\n\n\n\n<p>Los quejosos se plantaron en la entrada principal a la dependencia estatal, ubicada sobre la avenida Arco Sur, donde responsabilizaron a los polic\u00edas estatales y denunciaron que algunos casos ocurrieron hace tres a\u00f1os, pero nadie ha sido castigado.<\/p>\n\n\n\n<p>Mostraron lonas y pancartas con fotograf\u00edas donde se observan las lesiones de los detenidos que presuntamente fueron ocasionadas por los polic\u00edas.<\/p>\n\n\n\n<p>Se trata de parientes y amigos de Gustavo Ortiz Hern\u00e1ndez, Gerson Castro y Carlos Navarro, quienes fueron arrestados pero fallecieron dentro del cuartel \u201cSan Jos\u00e9\u201d.<\/p>\n\n\n\n<p>Julia Hern\u00e1ndez D\u00edaz, la mam\u00e1 de Gustavo, record\u00f3 que el joven sali\u00f3 de casa el 24 de octubre de 2020 pero fue detenido por polic\u00edas y falleci\u00f3 en el cuartel.<\/p>\n\n\n\n<p>Gustavo Ortiz laboraba como mec\u00e1nico. Ese d\u00eda hab\u00eda acudido a un taller en la zona del municipio de Banderilla y ah\u00ed fue detenido por tres polic\u00edas de la Secretar\u00eda de Seguridad P\u00fablica (SSP) para trasladarlo al cuartel.<\/p>\n\n\n\n<p>Las familias exigieron al gobernador Cuitl\u00e1huac Garc\u00eda Jim\u00e9nez y a autoridades de la Fiscal\u00eda General del Estado el esclarecimiento de estos casos, para que no queden impunes.<\/p>\n\n\n\n<p>\u201cNos unimos aqu\u00ed para que nos hagan caso, ya son tres a\u00f1os y no queremos que el gobernador se vaya sin dejar resuelto este problema. Asesinaron a nuestro hijo\u201d, increp\u00f3 la se\u00f1ora Julia.<\/p>\n","protected":false},"excerpt":{"rendered":"<p>Juan Arcos Xalapa, Ver.- Familiares de los tres j\u00f3venes que murieron al interior del cuartel \u201cHeriberto Jara Corona\u201d, mejor conocido como \u201cSan Jos\u00e9\u201d, protestaron afuera de la Fiscal\u00eda General del Estado (FGE), en la zona sur de la ciudad de Xalapa, para exigir justicia por estos casos. Los quejosos se plantaron en la entrada principal [&hellip;]<\/p>\n","protected":false},"author":2476,"featured_media":48118,"comment_status":"open","ping_status":"open","sticky":false,"template":"","format":"standard","meta":{"_jetpack_memberships_contains_paid_content":false,"footnotes":""},"categories":[14],"tags":[],"class_list":["post-48117","post","type-post","status-publish","format-standard","has-post-thumbnail","hentry","category-policiaca"],"jetpack_featured_media_url":"https:\/\/encuentroinformativo.com.mx\/wp-content\/uploads\/2023\/11\/2912ba4c-bc40-4c28-9860-17cf0e3bf206.jpg","jetpack_sharing_enabled":true,"jetpack_likes_enabled":true,"amp_enabled":true,"_links":{"self":[{"href":"https:\/\/encuentroinformativo.com.mx\/index.php?rest_route=\/wp\/v2\/posts\/48117","targetHints":{"allow":["GET"]}}],"collection":[{"href":"https:\/\/encuentroinformativo.com.mx\/index.php?rest_route=\/wp\/v2\/posts"}],"about":[{"href":"https:\/\/encuentroinformativo.com.mx\/index.php?rest_route=\/wp\/v2\/types\/post"}],"author":[{"embeddable":true,"href":"https:\/\/encuentroinformativo.com.mx\/index.php?rest_route=\/wp\/v2\/users\/2476"}],"replies":[{"embeddable":true,"href":"https:\/\/encuentroinformativo.com.mx\/index.php?rest_route=%2Fwp%2Fv2%2Fcomments&post=48117"}],"version-history":[{"count":1,"href":"https:\/\/encuentroinformativo.com.mx\/index.php?rest_route=\/wp\/v2\/posts\/48117\/revisions"}],"predecessor-version":[{"id":48119,"href":"https:\/\/encuentroinformativo.com.mx\/index.php?rest_route=\/wp\/v2\/posts\/48117\/revisions\/48119"}],"wp:featuredmedia":[{"embeddable":true,"href":"https:\/\/encuentroinformativo.com.mx\/index.php?rest_route=\/wp\/v2\/media\/48118"}],"wp:attachment":[{"href":"https:\/\/encuentroinformativo.com.mx\/index.php?rest_route=%2Fwp%2Fv2%2Fmedia&parent=48117"}],"wp:term":[{"taxonomy":"category","embeddable":true,"href":"https:\/\/encuentroinformativo.com.mx\/index.php?rest_route=%2Fwp%2Fv2%2Fcategories&post=48117"},{"taxonomy":"post_tag","embeddable":true,"href":"https:\/\/encuentroinformativo.com.mx\/index.php?rest_route=%2Fwp%2Fv2%2Ftags&post=48117"}],"curies":[{"name":"wp","href":"https:\/\/api.w.org\/{rel}","templated":true}]}}