{"id":4812,"date":"2020-08-11T09:37:38","date_gmt":"2020-08-11T14:37:38","guid":{"rendered":"https:\/\/encuentroinformativo.com\/?p=4812"},"modified":"2020-08-11T09:37:40","modified_gmt":"2020-08-11T14:37:40","slug":"magistrados-el-moco-a","status":"publish","type":"post","link":"https:\/\/encuentroinformativo.com.mx\/?p=4812","title":{"rendered":"Magistrados: El moco a&#8230;"},"content":{"rendered":"\n<p><strong>Los Pol\u00edticos<\/strong><\/p>\n\n\n\n<p><strong>Salvador Mu\u00f1oz<\/strong><br><\/p>\n\n\n\n<p>El pasado 7 de agosto, el diputado Enrique Cambranis present\u00f3 una denuncia ante el Agente del Ministerio P\u00fablico de la Federaci\u00f3n por el desacato a la Ley de Amparo, en el caso de la destituci\u00f3n de tres magistrados.<\/p>\n\n\n\n<p>La denuncia es por la violaci\u00f3n al Art\u00edculo 267 de la Ley de Amparo despu\u00e9s de que los Magistrados Marco Antonio Lezama Moo, Roberto Dorantes Romero, as\u00ed como Gladys de Lourdes P\u00e9rez Maldonado lograran que el Poder Judicial de la Federaci\u00f3n diera protecci\u00f3n a sus garant\u00edas fundamentales ante posibles actos tanto del Tribunal Superior de Justicia en el Estado como del Congreso local.<\/p>\n\n\n\n<p>Sepa cu\u00e1l sea el destino de la denuncia pues por el caso, el diputado Cambranis no tiene inter\u00e9s jur\u00eddico; en un asunto como el de los Magistrados, los propios jueces de Amparo son quienes dan vista al MP Federal.<\/p>\n\n\n\n<p>En mi inocencia legal, cre\u00eda que se tendr\u00eda que proceder contra cada uno de los diputados que a sabiendas de que hab\u00eda amparos de por medio, les vali\u00f3 gorro y votaron por nuevos magistrados, pero el mismo Cambranis me recalc\u00f3 que la denuncia fue directamente contra la Mesa Directiva del Congreso, Jucopo y Magistrados \u00a1ah! y quienes resulten responsables. As\u00ed que mi idea de fest\u00edn de diputados descabezados desapareci\u00f3 para encaminarme entonces a pensar, si es que se act\u00faa conforme a Derecho, qu\u00e9 cabeza caer\u00eda en este \u201cAffaire\u201d de Magistrados\u2026 y empezamos con una simple pregunta:<\/p>\n\n\n\n<p>\u00bfQui\u00e9n acord\u00f3 el orden del d\u00eda en el Congreso a sabiendas de que hab\u00eda sendos amparos de por medio?<\/p>\n\n\n\n<p>\u00a1Ah! porque de acuerdo a lo dicho por el senador Julen Rementer\u00eda, los integrantes de ambos poderes (Judicial y Legislativo) fueron notificados sobre los amparos y suspensiones obtenidos ante la Justicia federal.<\/p>\n\n\n\n<p>La junta de trabajos legislativos, integrada por la Junta de Coordinaci\u00f3n Pol\u00edtica m\u00e1s el presidente de la Mesa Directiva, son quienes se encargan de \u201carmar\u201d el orden del d\u00eda. \u00a1Ojo! porque en la Jucopo est\u00e1n los representantes de cada grupo o bancada y ah\u00ed entonces tendr\u00edamos a Omar Miranda Romero, Erika Ayala, Alexis S\u00e1nchez Garc\u00eda (cuyo grupo ahora es MC-PRD y Diputado sin Partido) \u00bfy Gonzalo Gu\u00edzar (en la p\u00e1gina del Congreso a\u00fan aparece\u2026 o le \u201cprestaron\u201d a la diputada Florencia Mart\u00ednez y Candelas Doce para mantener a su grupo o el titular de Comunicaci\u00f3n Social est\u00e1 pensando en las elecciones del 21)?<\/p>\n\n\n\n<p>Supongamos que Omar Miranda se opuso a que entrara el asunto de los Magistrados en el Orden del D\u00eda\u2026 \u00a1ah! pero todo es democracia y la Mayor\u00eda se impone\u2026 ahora que si en un momento dado, en un remoto caso, hubiera un empate, el voto de calidad lo tiene el Presidente de la Mesa Directiva<\/p>\n\n\n\n<p>La pregunta entonces es: Si la Ley se aplicara en el caso de los Magistrados, \u00bfalcanzar\u00eda a quienes integran la Jucopo y al Presidente de la Mesa Directiva?<\/p>\n\n\n\n<p>Los que saben dicen que no necesariamente, por una raz\u00f3n m\u00e1s simple: en temas aprobados por el Pleno (todos los congresistas, diputados, legisladores que hacen el qu\u00f3rum), el responsable es el Pleno\u2026 es a donde yo cre\u00eda que la Ley iba a actuar contra cada uno de los que con su voto violaron el art\u00edculo 267 de la Ley de Amparo, pero no\u2026 tambi\u00e9n el Pleno tiene un responsable que se llama Presidente de la Mesa Directiva\u2026<\/p>\n\n\n\n<p>Insisto: en caso de que se procediera conforme a Derecho, al parecer, todo indica que a quien le caer\u00eda el moco, en el caso del Poder Legislativo, ser\u00eda a Rub\u00e9n R\u00edos Uribe, ya que conforme a la Ley del Congreso, es el representante legal, quien tiene que dar la cara ante las cuestiones jur\u00eddicas que involucren al poder Legislativo\u2026<\/p>\n\n\n\n<p>Las sanciones a las que se podr\u00eda hacer acreedor van desde una pena de cinco a diez a\u00f1os de prisi\u00f3n, multa de cien a mil d\u00edas, o en su caso destituci\u00f3n e inhabilitaci\u00f3n de cinco a diez a\u00f1os para desempe\u00f1ar otro cargo, empleo o comisi\u00f3n p\u00fablicos\u2026<\/p>\n\n\n\n<p>\u00bfSe le podr\u00e1 comprobar que actu\u00f3 dolosamente en el caso de los Magistrados?<\/p>\n\n\n\n<p>En el caso del Pleno del Poder Judicial en el estado, eso, ya es otra historia\u2026<br><\/p>\n\n\n\n<p><a>smcainito@gmail.com<\/a>&nbsp;<\/p>\n\n\n\n<p><\/p>\n","protected":false},"excerpt":{"rendered":"<p>Los Pol\u00edticos Salvador Mu\u00f1oz El pasado 7 de agosto, el diputado Enrique Cambranis present\u00f3 una denuncia ante el Agente del Ministerio P\u00fablico de la Federaci\u00f3n por el desacato a la Ley de Amparo, en el caso de la destituci\u00f3n de tres magistrados. La denuncia es por la violaci\u00f3n al Art\u00edculo 267 de la Ley de [&hellip;]<\/p>\n","protected":false},"author":1,"featured_media":387,"comment_status":"open","ping_status":"open","sticky":false,"template":"","format":"standard","meta":{"_jetpack_memberships_contains_paid_content":false,"footnotes":""},"categories":[11],"tags":[],"class_list":["post-4812","post","type-post","status-publish","format-standard","has-post-thumbnail","hentry","category-opinion"],"jetpack_featured_media_url":"https:\/\/encuentroinformativo.com.mx\/wp-content\/uploads\/2020\/03\/7CF8A22B-2764-47BE-8F7F-38FE9E5D6A2F.jpeg","jetpack_sharing_enabled":true,"jetpack_likes_enabled":true,"amp_enabled":true,"_links":{"self":[{"href":"https:\/\/encuentroinformativo.com.mx\/index.php?rest_route=\/wp\/v2\/posts\/4812","targetHints":{"allow":["GET"]}}],"collection":[{"href":"https:\/\/encuentroinformativo.com.mx\/index.php?rest_route=\/wp\/v2\/posts"}],"about":[{"href":"https:\/\/encuentroinformativo.com.mx\/index.php?rest_route=\/wp\/v2\/types\/post"}],"author":[{"embeddable":true,"href":"https:\/\/encuentroinformativo.com.mx\/index.php?rest_route=\/wp\/v2\/users\/1"}],"replies":[{"embeddable":true,"href":"https:\/\/encuentroinformativo.com.mx\/index.php?rest_route=%2Fwp%2Fv2%2Fcomments&post=4812"}],"version-history":[{"count":1,"href":"https:\/\/encuentroinformativo.com.mx\/index.php?rest_route=\/wp\/v2\/posts\/4812\/revisions"}],"predecessor-version":[{"id":4813,"href":"https:\/\/encuentroinformativo.com.mx\/index.php?rest_route=\/wp\/v2\/posts\/4812\/revisions\/4813"}],"wp:featuredmedia":[{"embeddable":true,"href":"https:\/\/encuentroinformativo.com.mx\/index.php?rest_route=\/wp\/v2\/media\/387"}],"wp:attachment":[{"href":"https:\/\/encuentroinformativo.com.mx\/index.php?rest_route=%2Fwp%2Fv2%2Fmedia&parent=4812"}],"wp:term":[{"taxonomy":"category","embeddable":true,"href":"https:\/\/encuentroinformativo.com.mx\/index.php?rest_route=%2Fwp%2Fv2%2Fcategories&post=4812"},{"taxonomy":"post_tag","embeddable":true,"href":"https:\/\/encuentroinformativo.com.mx\/index.php?rest_route=%2Fwp%2Fv2%2Ftags&post=4812"}],"curies":[{"name":"wp","href":"https:\/\/api.w.org\/{rel}","templated":true}]}}