{"id":48123,"date":"2023-11-30T17:37:02","date_gmt":"2023-11-30T23:37:02","guid":{"rendered":"https:\/\/encuentroinformativo.com.mx\/?p=48123"},"modified":"2023-11-30T17:37:06","modified_gmt":"2023-11-30T23:37:06","slug":"descarta-fuerza-por-mexico-llevar-de-candidato-a-cisneros","status":"publish","type":"post","link":"https:\/\/encuentroinformativo.com.mx\/?p=48123","title":{"rendered":"Descarta Fuerza Por M\u00e9xico llevar de candidato a Cisneros"},"content":{"rendered":"\n<p><strong>Juan Arcos <\/strong><\/p>\n\n\n\n<p>Xalapa, Ver.- El dirigente de Fuerza por M\u00e9xico Veracruz (FXMVer) en Veracruz, Eduardo Vega Yunes, se\u00f1al\u00f3 que es falsa la informaci\u00f3n que circula desde el pasado 29 de noviembre, donde se asegura que el exsecretario de Gobierno, Eric Cisneros Burgos ser\u00e1 el candidato a la gubernatura de este partido pol\u00edtico.<\/p>\n\n\n\n<p>El entrevistado neg\u00f3 que haya un acercamiento o di\u00e1logo con el exfuncionario estatal, luego de que el partido determinara en asamblea contender solos en la elecci\u00f3n de 2024.<\/p>\n\n\n\n<p>Mencion\u00f3 que a causa de un debate pol\u00edtico entre el diputado Juan Javier G\u00f3mez Cazar\u00edn y Eric Cisneros sali\u00f3 a relucir el nombre Fuerza por M\u00e9xico.<\/p>\n\n\n\n<p>\u201cNo vamos a prestarnos a esa discusi\u00f3n interna que tengan entre ellos y sus grupos. En FXMVer tenemos actores que pueden encabezar las candidaturas tanto en los distritos y el Estado; no hemos tenido acercamiento de ning\u00fan tipo con Eric Cisneros o equipo y no lo habr\u00e1\u201d, expres\u00f3.<br>Insisti\u00f3 en que el partido no tiene intenciones de postular a Eric Cisneros, pues cuentan con otros perfiles que han levantado la mano y que son \u201cpersonas de mucho trabajo\u201d.<\/p>\n\n\n\n<p>\u201cTato\u201d Vega coment\u00f3 que el partido escuch\u00f3 las voces de sus delegados distritales para determinar ir solos en la elecci\u00f3n de 2024, tanto para la gubernatura como para renovar el Congreso local.<\/p>\n\n\n\n<p>Adelant\u00f3 que en breve emitir\u00e1 sus convocatorias para quienes aspiren a participar como candidatos o candidatas para un cargo de elecci\u00f3n popular.<\/p>\n\n\n\n<p>&#8220;Nos sentimos firmes y muy fuertes para poder enfrentar el proceso independientemente o m\u00e1s all\u00e1 de una coalici\u00f3n o alianza, vamos a ir solos y as\u00ed lo defendieron cada uno de los delegados&#8221;, a\u00f1adi\u00f3.<\/p>\n\n\n\n<p>Coment\u00f3 que hay personas interesadas en participar por la gubernatura de Veracruz como Jes\u00fas V\u00e1zquez, Gonzalo Gu\u00edzar Valladares, Antonio Lagunes o incluso \u00e9l podr\u00eda postularse para dicho cargo.<\/p>\n","protected":false},"excerpt":{"rendered":"<p>Juan Arcos Xalapa, Ver.- El dirigente de Fuerza por M\u00e9xico Veracruz (FXMVer) en Veracruz, Eduardo Vega Yunes, se\u00f1al\u00f3 que es falsa la informaci\u00f3n que circula desde el pasado 29 de noviembre, donde se asegura que el exsecretario de Gobierno, Eric Cisneros Burgos ser\u00e1 el candidato a la gubernatura de este partido pol\u00edtico. El entrevistado neg\u00f3 [&hellip;]<\/p>\n","protected":false},"author":2476,"featured_media":48124,"comment_status":"open","ping_status":"open","sticky":false,"template":"","format":"standard","meta":{"_jetpack_memberships_contains_paid_content":false,"footnotes":""},"categories":[2],"tags":[],"class_list":["post-48123","post","type-post","status-publish","format-standard","has-post-thumbnail","hentry","category-estado"],"jetpack_featured_media_url":"https:\/\/encuentroinformativo.com.mx\/wp-content\/uploads\/2023\/11\/IMG-20231101-WA0116.jpg","jetpack_sharing_enabled":true,"jetpack_likes_enabled":true,"amp_enabled":true,"_links":{"self":[{"href":"https:\/\/encuentroinformativo.com.mx\/index.php?rest_route=\/wp\/v2\/posts\/48123","targetHints":{"allow":["GET"]}}],"collection":[{"href":"https:\/\/encuentroinformativo.com.mx\/index.php?rest_route=\/wp\/v2\/posts"}],"about":[{"href":"https:\/\/encuentroinformativo.com.mx\/index.php?rest_route=\/wp\/v2\/types\/post"}],"author":[{"embeddable":true,"href":"https:\/\/encuentroinformativo.com.mx\/index.php?rest_route=\/wp\/v2\/users\/2476"}],"replies":[{"embeddable":true,"href":"https:\/\/encuentroinformativo.com.mx\/index.php?rest_route=%2Fwp%2Fv2%2Fcomments&post=48123"}],"version-history":[{"count":1,"href":"https:\/\/encuentroinformativo.com.mx\/index.php?rest_route=\/wp\/v2\/posts\/48123\/revisions"}],"predecessor-version":[{"id":48125,"href":"https:\/\/encuentroinformativo.com.mx\/index.php?rest_route=\/wp\/v2\/posts\/48123\/revisions\/48125"}],"wp:featuredmedia":[{"embeddable":true,"href":"https:\/\/encuentroinformativo.com.mx\/index.php?rest_route=\/wp\/v2\/media\/48124"}],"wp:attachment":[{"href":"https:\/\/encuentroinformativo.com.mx\/index.php?rest_route=%2Fwp%2Fv2%2Fmedia&parent=48123"}],"wp:term":[{"taxonomy":"category","embeddable":true,"href":"https:\/\/encuentroinformativo.com.mx\/index.php?rest_route=%2Fwp%2Fv2%2Fcategories&post=48123"},{"taxonomy":"post_tag","embeddable":true,"href":"https:\/\/encuentroinformativo.com.mx\/index.php?rest_route=%2Fwp%2Fv2%2Ftags&post=48123"}],"curies":[{"name":"wp","href":"https:\/\/api.w.org\/{rel}","templated":true}]}}