{"id":48126,"date":"2023-11-30T18:15:36","date_gmt":"2023-12-01T00:15:36","guid":{"rendered":"https:\/\/encuentroinformativo.com.mx\/?p=48126"},"modified":"2023-11-30T18:15:40","modified_gmt":"2023-12-01T00:15:40","slug":"no-se-encubrira-a-nadie-por-muertes-en-san-jose-asegura-cuitlahuac","status":"publish","type":"post","link":"https:\/\/encuentroinformativo.com.mx\/?p=48126","title":{"rendered":"No se encubrir\u00e1 a nadie por muertes en San Jos\u00e9, asegura Cuitl\u00e1huac"},"content":{"rendered":"\n<p><strong>Dar\u00edo Pale<\/strong> <\/p>\n\n\n\n<p>Xalapa, Ver.- Advierte el gobernador Cuitl\u00e1huac Garc\u00eda Jim\u00e9nez, &#8220;no vamos a encubrir a nadie&#8221;, esto sobre el caso del hombre fallecido en el cuartel San Jos\u00e9 en Xalapa, el a\u00f1o pasado.<\/p>\n\n\n\n<p>En conferencia de prensa, advirti\u00f3 que no se encubrir\u00e1 a nadie en el caso del joven Gustavo Ort\u00edz Hern\u00e1ndez, qui\u00e9n falleci\u00f3 en las instalaciones del Cuartel San Jos\u00e9 en Xalapa, presuntamente elementos de la Polic\u00eda Estatal lo habr\u00edan golpeado, en hechos ocurridos el pasado 24 de octubre del 2020.<\/p>\n\n\n\n<p>&#8220;Nosotros no vamos a encubrir a nadie y queda en manos de la Fiscal\u00eda general del Estado, ellos podr\u00e1n decidir Nosotros no vamos a encubrir a nadie, la investigaci\u00f3n se lleva a cabo por la Fiscal\u00eda y ellos van a tomar la decisi\u00f3n de manera totalmente aut\u00f3noma&#8221;, se\u00f1al\u00f3.<\/p>\n\n\n\n<p>Esto al ser cuestionado sobre la manifestaci\u00f3n, este jueves, \u00a0de familiares en las instalaciones de la Fiscal\u00eda general del estado, para exigir justicia.<br>&#8220;La fiscal\u00eda general del estado es la que tiene que ver en las investigaciones, de acuerdo a sus atribuciones&#8221;, coment\u00f3.<\/p>\n\n\n\n<p>Finalmente cabe recordar que el pasado 24 de octubre del 2020, el comerciante Gustavo Ortiz Hern\u00e1ndez de 35 a\u00f1os, fue detenido en una colonia popular de esta capital. Seg\u00fan elementos de la polic\u00eda estatal, fue sorprendido en flagrancia, acusado de extorsi\u00f3n, horas despu\u00e9s el hombre muri\u00f3 en los separos del cuartel policiaco de San Jos\u00e9.<\/p>\n","protected":false},"excerpt":{"rendered":"<p>Dar\u00edo Pale Xalapa, Ver.- Advierte el gobernador Cuitl\u00e1huac Garc\u00eda Jim\u00e9nez, &#8220;no vamos a encubrir a nadie&#8221;, esto sobre el caso del hombre fallecido en el cuartel San Jos\u00e9 en Xalapa, el a\u00f1o pasado. En conferencia de prensa, advirti\u00f3 que no se encubrir\u00e1 a nadie en el caso del joven Gustavo Ort\u00edz Hern\u00e1ndez, qui\u00e9n falleci\u00f3 en [&hellip;]<\/p>\n","protected":false},"author":2476,"featured_media":48127,"comment_status":"open","ping_status":"open","sticky":false,"template":"","format":"standard","meta":{"_jetpack_memberships_contains_paid_content":false,"footnotes":""},"categories":[2],"tags":[],"class_list":["post-48126","post","type-post","status-publish","format-standard","has-post-thumbnail","hentry","category-estado"],"jetpack_featured_media_url":"https:\/\/encuentroinformativo.com.mx\/wp-content\/uploads\/2023\/11\/IMG-20231130-WA0070.jpg","jetpack_sharing_enabled":true,"jetpack_likes_enabled":true,"amp_enabled":true,"_links":{"self":[{"href":"https:\/\/encuentroinformativo.com.mx\/index.php?rest_route=\/wp\/v2\/posts\/48126","targetHints":{"allow":["GET"]}}],"collection":[{"href":"https:\/\/encuentroinformativo.com.mx\/index.php?rest_route=\/wp\/v2\/posts"}],"about":[{"href":"https:\/\/encuentroinformativo.com.mx\/index.php?rest_route=\/wp\/v2\/types\/post"}],"author":[{"embeddable":true,"href":"https:\/\/encuentroinformativo.com.mx\/index.php?rest_route=\/wp\/v2\/users\/2476"}],"replies":[{"embeddable":true,"href":"https:\/\/encuentroinformativo.com.mx\/index.php?rest_route=%2Fwp%2Fv2%2Fcomments&post=48126"}],"version-history":[{"count":1,"href":"https:\/\/encuentroinformativo.com.mx\/index.php?rest_route=\/wp\/v2\/posts\/48126\/revisions"}],"predecessor-version":[{"id":48128,"href":"https:\/\/encuentroinformativo.com.mx\/index.php?rest_route=\/wp\/v2\/posts\/48126\/revisions\/48128"}],"wp:featuredmedia":[{"embeddable":true,"href":"https:\/\/encuentroinformativo.com.mx\/index.php?rest_route=\/wp\/v2\/media\/48127"}],"wp:attachment":[{"href":"https:\/\/encuentroinformativo.com.mx\/index.php?rest_route=%2Fwp%2Fv2%2Fmedia&parent=48126"}],"wp:term":[{"taxonomy":"category","embeddable":true,"href":"https:\/\/encuentroinformativo.com.mx\/index.php?rest_route=%2Fwp%2Fv2%2Fcategories&post=48126"},{"taxonomy":"post_tag","embeddable":true,"href":"https:\/\/encuentroinformativo.com.mx\/index.php?rest_route=%2Fwp%2Fv2%2Ftags&post=48126"}],"curies":[{"name":"wp","href":"https:\/\/api.w.org\/{rel}","templated":true}]}}