{"id":48151,"date":"2023-12-01T15:46:43","date_gmt":"2023-12-01T21:46:43","guid":{"rendered":"https:\/\/encuentroinformativo.com.mx\/?p=48151"},"modified":"2023-12-01T15:46:49","modified_gmt":"2023-12-01T21:46:49","slug":"arriba-caravana-de-mas-de-3-mil-migrantes-al-sur-de-veracruz","status":"publish","type":"post","link":"https:\/\/encuentroinformativo.com.mx\/?p=48151","title":{"rendered":"Arriba caravana de m\u00e1s de 3 mil migrantes al sur de Veracruz"},"content":{"rendered":"\n<p><strong>Juan Arcos <\/strong><\/p>\n\n\n\n<p>Xalapa, Ver.- M\u00e1s de 3 mil migrantes arribaron a la zona sur del estado de Veracruz en una caravana, durante la \u00faltima semana de noviembre.<\/p>\n\n\n\n<p>As\u00ed lo confirm\u00f3 el director general de Atenci\u00f3n a Migrantes en Veracruz, Carlos Enrique Escalante Igual, quien a\u00f1adi\u00f3 que se vigila el recorrido de los indocumentados por el municipio de Jes\u00fas Carranza.<\/p>\n\n\n\n<p>\u201cLo \u00fanico que estamos haciendo es estarle acompa\u00f1ando la Secretar\u00eda de Seguridad P\u00fablica, Protecci\u00f3n Civil y la Secretar\u00eda de Salud. Estamos muy al pendiente de cualquier contingencia, cualquier ayuda que necesiten los migrantes. Como siempre y cada vez que hay una caravana, recordemos que no somos regulaci\u00f3n migratoria, eso es un asunto de car\u00e1cter federal, pero nosotros estamos muy al pendiente de que a estos migrantes se les respeten sus derechos humanos y sus garant\u00edas individuales. Desde el momento que entran al pa\u00eds, la Constituci\u00f3n los protege y tenemos que estar muy al pendiente de ellos, de cualquier cosa que les pase\u201d, refiri\u00f3.<\/p>\n\n\n\n<p>Se trata de integrantes de la caravana \u201cLatinoam\u00e9rica Unida\u201d que lleg\u00f3 al sur de la entidad desde el mi\u00e9rcoles 29 de noviembre, a la localidad conocida como San Mart\u00edn.<\/p>\n\n\n\n<p>Son personas de Cuba, Venezuela, Colombia, El Salvador, Ecuador, Guatemala y Honduras. Ellas permanecieron durante un mes y despu\u00e9s se trasladaron a Jes\u00fas Carranza donde pernoctaron y se alimentaron para seguir su camino rumbo a Estados Unidos, en busca de oportunidades laborales y calidad de vida.<\/p>\n\n\n\n<p>Escalante Igual dio a conocer que se espera la llegada de m\u00e1s contingentes al territorio veracruzano durante las pr\u00f3ximas semanas, pues el flujo migratorio aumenta cada a\u00f1o en los meses de noviembre y diciembre.<\/p>\n\n\n\n<p>La Direcci\u00f3n de Atenci\u00f3n a Migrantes est\u00e1 a la espera de m\u00e1s informaci\u00f3n sobre la cantidad de migrantes que ingresan al territorio estatal para brindarles la ayuda necesaria.<\/p>\n\n\n\n<p>Los migrantes llevan 60 d\u00edas en la caravana y durante el fin de semana podr\u00edan seguir su camino hacia el municipio San Juan Evangelista pasando por la localidad de Campo Nuevo.<br>El grupo se ha dispersado, pues en un inicio se hablaba de m\u00e1s de 5 mil migrantes que se hab\u00edan unido al contingente y ahora solo quedan alrededor de 3 mil.<\/p>\n\n\n\n<p>\u201cLlegaron aproximadamente 3 mil, pero se esperan m\u00e1s. No tenemos el n\u00famero exacto y eso lo tendr\u00eda que ver el Instituto Nacional de Migraci\u00f3n\u201d, expres\u00f3 el Director General de Atenci\u00f3n a Migrantes, durante una entrevista realizada en su oficina.<\/p>\n","protected":false},"excerpt":{"rendered":"<p>Juan Arcos Xalapa, Ver.- M\u00e1s de 3 mil migrantes arribaron a la zona sur del estado de Veracruz en una caravana, durante la \u00faltima semana de noviembre. As\u00ed lo confirm\u00f3 el director general de Atenci\u00f3n a Migrantes en Veracruz, Carlos Enrique Escalante Igual, quien a\u00f1adi\u00f3 que se vigila el recorrido de los indocumentados por el [&hellip;]<\/p>\n","protected":false},"author":2476,"featured_media":48152,"comment_status":"open","ping_status":"open","sticky":false,"template":"","format":"standard","meta":{"_jetpack_memberships_contains_paid_content":false,"footnotes":""},"categories":[2],"tags":[],"class_list":["post-48151","post","type-post","status-publish","format-standard","has-post-thumbnail","hentry","category-estado"],"jetpack_featured_media_url":"https:\/\/encuentroinformativo.com.mx\/wp-content\/uploads\/2023\/12\/27e8294c-8d47-4dd3-9628-72ec19f679e12.jpg","jetpack_sharing_enabled":true,"jetpack_likes_enabled":true,"amp_enabled":true,"_links":{"self":[{"href":"https:\/\/encuentroinformativo.com.mx\/index.php?rest_route=\/wp\/v2\/posts\/48151","targetHints":{"allow":["GET"]}}],"collection":[{"href":"https:\/\/encuentroinformativo.com.mx\/index.php?rest_route=\/wp\/v2\/posts"}],"about":[{"href":"https:\/\/encuentroinformativo.com.mx\/index.php?rest_route=\/wp\/v2\/types\/post"}],"author":[{"embeddable":true,"href":"https:\/\/encuentroinformativo.com.mx\/index.php?rest_route=\/wp\/v2\/users\/2476"}],"replies":[{"embeddable":true,"href":"https:\/\/encuentroinformativo.com.mx\/index.php?rest_route=%2Fwp%2Fv2%2Fcomments&post=48151"}],"version-history":[{"count":1,"href":"https:\/\/encuentroinformativo.com.mx\/index.php?rest_route=\/wp\/v2\/posts\/48151\/revisions"}],"predecessor-version":[{"id":48153,"href":"https:\/\/encuentroinformativo.com.mx\/index.php?rest_route=\/wp\/v2\/posts\/48151\/revisions\/48153"}],"wp:featuredmedia":[{"embeddable":true,"href":"https:\/\/encuentroinformativo.com.mx\/index.php?rest_route=\/wp\/v2\/media\/48152"}],"wp:attachment":[{"href":"https:\/\/encuentroinformativo.com.mx\/index.php?rest_route=%2Fwp%2Fv2%2Fmedia&parent=48151"}],"wp:term":[{"taxonomy":"category","embeddable":true,"href":"https:\/\/encuentroinformativo.com.mx\/index.php?rest_route=%2Fwp%2Fv2%2Fcategories&post=48151"},{"taxonomy":"post_tag","embeddable":true,"href":"https:\/\/encuentroinformativo.com.mx\/index.php?rest_route=%2Fwp%2Fv2%2Ftags&post=48151"}],"curies":[{"name":"wp","href":"https:\/\/api.w.org\/{rel}","templated":true}]}}