{"id":48160,"date":"2023-12-01T17:17:02","date_gmt":"2023-12-01T23:17:02","guid":{"rendered":"https:\/\/encuentroinformativo.com.mx\/?p=48160"},"modified":"2023-12-01T17:17:08","modified_gmt":"2023-12-01T23:17:08","slug":"concluye-con-exito-el-segundo-foro-inmobiliario","status":"publish","type":"post","link":"https:\/\/encuentroinformativo.com.mx\/?p=48160","title":{"rendered":"Concluye con \u00e9xito el Segundo Foro Inmobiliario"},"content":{"rendered":"\n<p><strong>Alejandro \u00c1vila<\/strong><\/p>\n\n\n\n<p>Boca del R\u00edo, Ver.- Concluy\u00f3&nbsp; el Segundo Foro Inmobiliario realizado por la Asociaci\u00f3n Mexicana de Profesionales Inmobiliarios (AMPI) de Veracruz en conmemoraci\u00f3n de sus 30 a\u00f1os.&nbsp;<\/p>\n\n\n\n<p>El cierre de actividades se llev\u00f3 a cabo con un c\u00f3ctel en el Foro Boca. Sergio Lavalle Garc\u00e9s, presidente de la AMPI en Veracruz, destac\u00f3 cuatro ejes que marcan el rumbo de AMPI: el primero la capacitaci\u00f3n, el segundo la representatividad, el tercero la adaptaci\u00f3n a los cambios y finalmente la \u00e9tica de trabajo.&nbsp;<\/p>\n\n\n\n<p>\u201cArropados por AMPI nacional que cuenta con 67 a\u00f1os de existencia, hay 92 secciones y m\u00e1s de 5 mil asociados, tenemos presencia en toda la Rep\u00fablica Mexicana y sigue creciendo cada a\u00f1o\u201d.<\/p>\n\n\n\n<p>Durante el evento se otorg\u00f3 reconocimientos a inmobiliarios con 30 a\u00f1os de trayectoria: Cesar Yunes Landa, Jes\u00fas Rafael Rueda Pineda, Carlos Ra\u00fal Vel\u00e1squez, Gonzalo Escalante, Julio Vega Quintanilla, Juan Carlos Fernando Espinosa y Antonio Hanna Grayeb.<\/p>\n\n\n\n<p>Tambi\u00e9n se reconoci\u00f3 a los expresidentes de AMPI Veracruz: Lizbeth Mora, Carlos Ra\u00fal Vel\u00e1squez, Diana Uscanga, Antonio Hanna Grayeb, Pedro Fern\u00e1ndez Mart\u00ednez: Mario Lagos, Ana Mar\u00eda Herrera Bernal,Patricia Guti\u00e9rrez de Velasco y al actual presidente de la Asociaci\u00f3n Mexicana de Profesionales Inmobiliarios (AMPI) de Veracruz, Sergio Lavalle Garc\u00e9s.<\/p>\n","protected":false},"excerpt":{"rendered":"<p>Alejandro \u00c1vila Boca del R\u00edo, Ver.- Concluy\u00f3&nbsp; el Segundo Foro Inmobiliario realizado por la Asociaci\u00f3n Mexicana de Profesionales Inmobiliarios (AMPI) de Veracruz en conmemoraci\u00f3n de sus 30 a\u00f1os.&nbsp; El cierre de actividades se llev\u00f3 a cabo con un c\u00f3ctel en el Foro Boca. Sergio Lavalle Garc\u00e9s, presidente de la AMPI en Veracruz, destac\u00f3 cuatro ejes [&hellip;]<\/p>\n","protected":false},"author":2476,"featured_media":48161,"comment_status":"open","ping_status":"open","sticky":false,"template":"","format":"standard","meta":{"_jetpack_memberships_contains_paid_content":false,"footnotes":""},"categories":[2],"tags":[],"class_list":["post-48160","post","type-post","status-publish","format-standard","has-post-thumbnail","hentry","category-estado"],"jetpack_featured_media_url":"https:\/\/encuentroinformativo.com.mx\/wp-content\/uploads\/2023\/12\/IMG-20231201-WA0113.jpg","jetpack_sharing_enabled":true,"jetpack_likes_enabled":true,"amp_enabled":true,"_links":{"self":[{"href":"https:\/\/encuentroinformativo.com.mx\/index.php?rest_route=\/wp\/v2\/posts\/48160","targetHints":{"allow":["GET"]}}],"collection":[{"href":"https:\/\/encuentroinformativo.com.mx\/index.php?rest_route=\/wp\/v2\/posts"}],"about":[{"href":"https:\/\/encuentroinformativo.com.mx\/index.php?rest_route=\/wp\/v2\/types\/post"}],"author":[{"embeddable":true,"href":"https:\/\/encuentroinformativo.com.mx\/index.php?rest_route=\/wp\/v2\/users\/2476"}],"replies":[{"embeddable":true,"href":"https:\/\/encuentroinformativo.com.mx\/index.php?rest_route=%2Fwp%2Fv2%2Fcomments&post=48160"}],"version-history":[{"count":1,"href":"https:\/\/encuentroinformativo.com.mx\/index.php?rest_route=\/wp\/v2\/posts\/48160\/revisions"}],"predecessor-version":[{"id":48162,"href":"https:\/\/encuentroinformativo.com.mx\/index.php?rest_route=\/wp\/v2\/posts\/48160\/revisions\/48162"}],"wp:featuredmedia":[{"embeddable":true,"href":"https:\/\/encuentroinformativo.com.mx\/index.php?rest_route=\/wp\/v2\/media\/48161"}],"wp:attachment":[{"href":"https:\/\/encuentroinformativo.com.mx\/index.php?rest_route=%2Fwp%2Fv2%2Fmedia&parent=48160"}],"wp:term":[{"taxonomy":"category","embeddable":true,"href":"https:\/\/encuentroinformativo.com.mx\/index.php?rest_route=%2Fwp%2Fv2%2Fcategories&post=48160"},{"taxonomy":"post_tag","embeddable":true,"href":"https:\/\/encuentroinformativo.com.mx\/index.php?rest_route=%2Fwp%2Fv2%2Ftags&post=48160"}],"curies":[{"name":"wp","href":"https:\/\/api.w.org\/{rel}","templated":true}]}}