{"id":48166,"date":"2023-12-02T11:58:52","date_gmt":"2023-12-02T17:58:52","guid":{"rendered":"https:\/\/encuentroinformativo.com.mx\/?p=48166"},"modified":"2023-12-02T11:58:58","modified_gmt":"2023-12-02T17:58:58","slug":"cosplay-y-karaoke-en-expo-mac-a-boca-del-rio","status":"publish","type":"post","link":"https:\/\/encuentroinformativo.com.mx\/?p=48166","title":{"rendered":"Cosplay y Karaoke en Expo MAC a Boca del R\u00edo"},"content":{"rendered":"\n<p><strong>Alejandro \u00c1vila<\/strong><\/p>\n\n\n\n<p>Boca del R\u00edo, Ver.- El pr\u00f3ximo 16 y 17 de diciembre en el World Trade Center de Boca del R\u00edo se realizar\u00e1 una edici\u00f3n m\u00e1s de la Expo Mac para deleite de todos los amantes del Anime y de todo lo que engloba este fascinante mundo.&nbsp;<\/p>\n\n\n\n<p>En dicho evento los asistentes podr\u00e1n sumergirse en el maravilloso mundo de los Comics y Coleccionables.<\/p>\n\n\n\n<p>Este magno evento re\u00fane a los m\u00e1s importantes actores y actrices que dan voz a personajes del Anime, entre los cuales se encuentran Mario Casta\u00f1eda, Rafael&nbsp;Pacheco, Ren\u00e9 Garc\u00eda, Jos\u00e9 A. Mac\u00edas, Emilio Trevi\u00f1o, Ricardo Brust, Cristina&nbsp;Hern\u00e1ndez, Elizabeth Infante, entre muchos otros.<\/p>\n\n\n\n<p>Adem\u00e1s de disfrutar de la presencia de estos importantes personajes del Anime, los asistentes podr\u00e1n visitar los diferentes stands con art\u00edculos varios.&nbsp;<\/p>\n\n\n\n<p>De igual manera, el Comit\u00e9 Organizador de la Expo Mac ha informado que el s\u00e1bado 16, a las 3.00 de la tarde, se llevar\u00e1 a cabo el Concurso Karaoke Disney en el cual&nbsp;los participantes podr\u00e1n concursar interpretando temas musicales de pel\u00edculas de Disney; podr\u00e1n hacerlo a capela, con ayuda de una pista de audio o con instrumentos musicales. Los interesados en participar podr\u00e1n encontrar las bases en el siguiente link:&nbsp;www.expo-mac.com\/karaoke-disney.<\/p>\n\n\n\n<p>Ese mismo s\u00e1bado, pero a las 11.00 de la ma\u00f1ana, tambi\u00e9n podr\u00e1n participar en el&nbsp;Concurso K-Pop Grupal, cuyas bases podr\u00e1n encontrar en www.expo-mac.com\/kpop. As\u00ed como el de Cosplay Infantil. Los peques interesados en&nbsp;participar podr\u00e1n encontrar las bases en el siguiente link:&nbsp;www.expo-mac.com\/cosplay-infantil<\/p>\n\n\n\n<p>La entrada al p\u00fablico en general tendr\u00e1 un costo de $150.00 por d\u00eda; en tanto que&nbsp;los asistentes que vayan vestidos de Cosplay obtendr\u00e1n un descuento y solamente pagar\u00e1n $100.00 por d\u00eda de evento.<\/p>\n\n\n\n<p>Para los ni\u00f1os menores de 8 a\u00f1os la entrada ser\u00e1 gratuita, siempre y cuando vengan acompa\u00f1ados de un adulto con boleto pagado, y cada familia podr\u00e1 ingresar con hasta DOS ni\u00f1os gratis.<\/p>\n\n\n\n<p>Adquiere tus boletos en las taquillas el d\u00eda del evento y prep\u00e1rate para&nbsp;volver a sentirte ni\u00f1o.<\/p>\n","protected":false},"excerpt":{"rendered":"<p>Alejandro \u00c1vila Boca del R\u00edo, Ver.- El pr\u00f3ximo 16 y 17 de diciembre en el World Trade Center de Boca del R\u00edo se realizar\u00e1 una edici\u00f3n m\u00e1s de la Expo Mac para deleite de todos los amantes del Anime y de todo lo que engloba este fascinante mundo.&nbsp; En dicho evento los asistentes podr\u00e1n sumergirse [&hellip;]<\/p>\n","protected":false},"author":2476,"featured_media":48167,"comment_status":"open","ping_status":"open","sticky":false,"template":"","format":"standard","meta":{"_jetpack_memberships_contains_paid_content":false,"footnotes":""},"categories":[2],"tags":[],"class_list":["post-48166","post","type-post","status-publish","format-standard","has-post-thumbnail","hentry","category-estado"],"jetpack_featured_media_url":"https:\/\/encuentroinformativo.com.mx\/wp-content\/uploads\/2023\/12\/IMG-20231202-WA0011.jpg","jetpack_sharing_enabled":true,"jetpack_likes_enabled":true,"amp_enabled":true,"_links":{"self":[{"href":"https:\/\/encuentroinformativo.com.mx\/index.php?rest_route=\/wp\/v2\/posts\/48166","targetHints":{"allow":["GET"]}}],"collection":[{"href":"https:\/\/encuentroinformativo.com.mx\/index.php?rest_route=\/wp\/v2\/posts"}],"about":[{"href":"https:\/\/encuentroinformativo.com.mx\/index.php?rest_route=\/wp\/v2\/types\/post"}],"author":[{"embeddable":true,"href":"https:\/\/encuentroinformativo.com.mx\/index.php?rest_route=\/wp\/v2\/users\/2476"}],"replies":[{"embeddable":true,"href":"https:\/\/encuentroinformativo.com.mx\/index.php?rest_route=%2Fwp%2Fv2%2Fcomments&post=48166"}],"version-history":[{"count":1,"href":"https:\/\/encuentroinformativo.com.mx\/index.php?rest_route=\/wp\/v2\/posts\/48166\/revisions"}],"predecessor-version":[{"id":48168,"href":"https:\/\/encuentroinformativo.com.mx\/index.php?rest_route=\/wp\/v2\/posts\/48166\/revisions\/48168"}],"wp:featuredmedia":[{"embeddable":true,"href":"https:\/\/encuentroinformativo.com.mx\/index.php?rest_route=\/wp\/v2\/media\/48167"}],"wp:attachment":[{"href":"https:\/\/encuentroinformativo.com.mx\/index.php?rest_route=%2Fwp%2Fv2%2Fmedia&parent=48166"}],"wp:term":[{"taxonomy":"category","embeddable":true,"href":"https:\/\/encuentroinformativo.com.mx\/index.php?rest_route=%2Fwp%2Fv2%2Fcategories&post=48166"},{"taxonomy":"post_tag","embeddable":true,"href":"https:\/\/encuentroinformativo.com.mx\/index.php?rest_route=%2Fwp%2Fv2%2Ftags&post=48166"}],"curies":[{"name":"wp","href":"https:\/\/api.w.org\/{rel}","templated":true}]}}