{"id":48169,"date":"2023-12-02T16:39:12","date_gmt":"2023-12-02T22:39:12","guid":{"rendered":"https:\/\/encuentroinformativo.com.mx\/?p=48169"},"modified":"2023-12-02T16:39:16","modified_gmt":"2023-12-02T22:39:16","slug":"marchan-personas-con-discapacidad-demandan-mayor-inclusion","status":"publish","type":"post","link":"https:\/\/encuentroinformativo.com.mx\/?p=48169","title":{"rendered":"Marchan personas con discapacidad, demandan mayor inclusi\u00f3n"},"content":{"rendered":"\n<p><strong>Dar\u00edo Pale <\/strong><\/p>\n\n\n\n<p>Xalapa, Ver.- Marchan personas con discapacidades, por las principales calles del centro de Xalapa, exigen mayor inclusi\u00f3n, as\u00ed lo dio a conocer Ana Paola Morgado Luna, estudiante en condici\u00f3n de discapacidad visual de la licenciatura en Sociolog\u00eda de la Universidad Veracruzana.<\/p>\n\n\n\n<p>En entrevista coment\u00f3 que, con el objetivo de visibilizar las exigencias de las personas en condici\u00f3n de discapacidad y para mejorar la inclusi\u00f3n de ese sector de la poblaci\u00f3n a la sociedad; este s\u00e1bado, integrantes de diversas organizaciones y ciudadanos, marcharon desde el teatro del Estado hacia el centro de esta capital.<\/p>\n\n\n\n<p>&#8220;Trabajo digno, acceso a la educaci\u00f3n, una vida libre de violencia, de discriminaci\u00f3n y el reconocimiento a nuestros derechos&#8221;, \u00a0son algunas de las exigencias que est\u00e1n solicitando.\u00a0<\/p>\n\n\n\n<p>Este d\u00eda se sumaron alrededor de 10 organizaciones, junto con algunas instituciones como el DIF Estatal, la Universidad Veracruzana, para marchar con diversas consignas, junto con la Marching Band, motociclistas y senderistas.<\/p>\n\n\n\n<p>Finalmente dio a conocer que, &#8220;no somos uno, no somos 10, justo es que queremos ocupar cargos y ocupaci\u00f3n en la agenda de los proyectos p\u00fablicos para mejorar la inclusi\u00f3n de personas con discapacidad&#8221;, manifest\u00f3 la tambi\u00e9n paratleta veracruzana, en el \u201cD\u00eda Internacional de las Personas con Discapacidad\u201d.<\/p>\n","protected":false},"excerpt":{"rendered":"<p>Dar\u00edo Pale Xalapa, Ver.- Marchan personas con discapacidades, por las principales calles del centro de Xalapa, exigen mayor inclusi\u00f3n, as\u00ed lo dio a conocer Ana Paola Morgado Luna, estudiante en condici\u00f3n de discapacidad visual de la licenciatura en Sociolog\u00eda de la Universidad Veracruzana. En entrevista coment\u00f3 que, con el objetivo de visibilizar las exigencias de [&hellip;]<\/p>\n","protected":false},"author":2476,"featured_media":48170,"comment_status":"open","ping_status":"open","sticky":false,"template":"","format":"standard","meta":{"_jetpack_memberships_contains_paid_content":false,"footnotes":""},"categories":[3],"tags":[],"class_list":["post-48169","post","type-post","status-publish","format-standard","has-post-thumbnail","hentry","category-xalapa"],"jetpack_featured_media_url":"https:\/\/encuentroinformativo.com.mx\/wp-content\/uploads\/2023\/12\/IMG-20231202-WA00552.jpg","jetpack_sharing_enabled":true,"jetpack_likes_enabled":true,"amp_enabled":true,"_links":{"self":[{"href":"https:\/\/encuentroinformativo.com.mx\/index.php?rest_route=\/wp\/v2\/posts\/48169","targetHints":{"allow":["GET"]}}],"collection":[{"href":"https:\/\/encuentroinformativo.com.mx\/index.php?rest_route=\/wp\/v2\/posts"}],"about":[{"href":"https:\/\/encuentroinformativo.com.mx\/index.php?rest_route=\/wp\/v2\/types\/post"}],"author":[{"embeddable":true,"href":"https:\/\/encuentroinformativo.com.mx\/index.php?rest_route=\/wp\/v2\/users\/2476"}],"replies":[{"embeddable":true,"href":"https:\/\/encuentroinformativo.com.mx\/index.php?rest_route=%2Fwp%2Fv2%2Fcomments&post=48169"}],"version-history":[{"count":1,"href":"https:\/\/encuentroinformativo.com.mx\/index.php?rest_route=\/wp\/v2\/posts\/48169\/revisions"}],"predecessor-version":[{"id":48171,"href":"https:\/\/encuentroinformativo.com.mx\/index.php?rest_route=\/wp\/v2\/posts\/48169\/revisions\/48171"}],"wp:featuredmedia":[{"embeddable":true,"href":"https:\/\/encuentroinformativo.com.mx\/index.php?rest_route=\/wp\/v2\/media\/48170"}],"wp:attachment":[{"href":"https:\/\/encuentroinformativo.com.mx\/index.php?rest_route=%2Fwp%2Fv2%2Fmedia&parent=48169"}],"wp:term":[{"taxonomy":"category","embeddable":true,"href":"https:\/\/encuentroinformativo.com.mx\/index.php?rest_route=%2Fwp%2Fv2%2Fcategories&post=48169"},{"taxonomy":"post_tag","embeddable":true,"href":"https:\/\/encuentroinformativo.com.mx\/index.php?rest_route=%2Fwp%2Fv2%2Ftags&post=48169"}],"curies":[{"name":"wp","href":"https:\/\/api.w.org\/{rel}","templated":true}]}}