{"id":48174,"date":"2023-12-03T13:32:59","date_gmt":"2023-12-03T19:32:59","guid":{"rendered":"https:\/\/encuentroinformativo.com.mx\/?p=48174"},"modified":"2023-12-03T13:33:04","modified_gmt":"2023-12-03T19:33:04","slug":"defienden-padres-desempeno-de-directora-de-la-tecnica-3","status":"publish","type":"post","link":"https:\/\/encuentroinformativo.com.mx\/?p=48174","title":{"rendered":"Defienden padres desempe\u00f1o de directora de la T\u00e9cnica 3"},"content":{"rendered":"\n<p><strong>Juan Arcos <\/strong><\/p>\n\n\n\n<p>Xalapa, Ver.- Tras la noticia publicada el pasado viernes 1 de diciembre sobre un presunto desfalco millonario en la escuela secundaria T\u00e9cnica Industrial n\u00famero 3, los actuales integrantes de la Asociaci\u00f3n de Padres de Familia (APF) comentan que no existe una cantidad exacta de los recursos econ\u00f3micos que no fueron ejercidos y se desconoce su destino final.<\/p>\n\n\n\n<p>En la actualidad contin\u00faan los trabajos de una auditor\u00eda, donde laboran la APF y el Departamento Jur\u00eddico de la Secretar\u00eda de Educaci\u00f3n de Veracruz (SEV).<\/p>\n\n\n\n<p>Con lo anterior se determin\u00f3 que, de acuerdo con el reglamento oficial de las APF, Ernestina del Callejo Angeles, directora del plantel, no tiene ninguna responsabilidad sobre la aplicaci\u00f3n y distribuci\u00f3n de dichos recursos.<\/p>\n\n\n\n<p>\u201cSe filtr\u00f3 informaci\u00f3n que no es ver\u00eddica, dicen varias inconsistencias y queremos hacer una aclaraci\u00f3n sobre esa nota, entonces queremos pues que salga lo que realmente es, ya que en este caso est\u00e1n afectando a la directora, siendo que dentro de los lineamientos y asociaciones de padres de familia a nivel secretar\u00eda, la directora no tiene ninguna influencia ni injerencia sobre los recursos de aportaciones de padres de familia, s\u00f3lo es la Asociaci\u00f3n de Padres de Familia la que se encarga de distribuir el recurso de las inscripciones para el mantenimiento de la escuela.\u201d, expresaron integrantes de la actual APF.<\/p>\n\n\n\n<p>Tambi\u00e9n indicaron que la APF entrante apoya el trabajo que Ernestina del Callejo Angeles ha realizado en la escuela secundaria T\u00e9cnica Industrial n\u00famero 3, ubicada sobre la avenida Manuel \u00c1vila Camacho.<\/p>\n\n\n\n<p>Comentaron que la extesorera Martha Elba Rodr\u00edguez Torres se comprometi\u00f3 a devolver la cantidad que resulte faltante; sin embargo, la expresidenta Magaly Vera sigue sin dar la cara en este proceso.<\/p>\n\n\n\n<p>Los integrantes de la APF confirmaron que existe un faltante financiero, sin embargo, se difundido informaci\u00f3n err\u00f3nea, donde incrementan los montos, con el objetivo de perjudicar a la Directora.<\/p>\n","protected":false},"excerpt":{"rendered":"<p>Juan Arcos Xalapa, Ver.- Tras la noticia publicada el pasado viernes 1 de diciembre sobre un presunto desfalco millonario en la escuela secundaria T\u00e9cnica Industrial n\u00famero 3, los actuales integrantes de la Asociaci\u00f3n de Padres de Familia (APF) comentan que no existe una cantidad exacta de los recursos econ\u00f3micos que no fueron ejercidos y se [&hellip;]<\/p>\n","protected":false},"author":2476,"featured_media":48175,"comment_status":"open","ping_status":"open","sticky":false,"template":"","format":"standard","meta":{"_jetpack_memberships_contains_paid_content":false,"footnotes":""},"categories":[3],"tags":[],"class_list":["post-48174","post","type-post","status-publish","format-standard","has-post-thumbnail","hentry","category-xalapa"],"jetpack_featured_media_url":"https:\/\/encuentroinformativo.com.mx\/wp-content\/uploads\/2023\/12\/IMG_4962.jpg","jetpack_sharing_enabled":true,"jetpack_likes_enabled":true,"amp_enabled":true,"_links":{"self":[{"href":"https:\/\/encuentroinformativo.com.mx\/index.php?rest_route=\/wp\/v2\/posts\/48174","targetHints":{"allow":["GET"]}}],"collection":[{"href":"https:\/\/encuentroinformativo.com.mx\/index.php?rest_route=\/wp\/v2\/posts"}],"about":[{"href":"https:\/\/encuentroinformativo.com.mx\/index.php?rest_route=\/wp\/v2\/types\/post"}],"author":[{"embeddable":true,"href":"https:\/\/encuentroinformativo.com.mx\/index.php?rest_route=\/wp\/v2\/users\/2476"}],"replies":[{"embeddable":true,"href":"https:\/\/encuentroinformativo.com.mx\/index.php?rest_route=%2Fwp%2Fv2%2Fcomments&post=48174"}],"version-history":[{"count":1,"href":"https:\/\/encuentroinformativo.com.mx\/index.php?rest_route=\/wp\/v2\/posts\/48174\/revisions"}],"predecessor-version":[{"id":48176,"href":"https:\/\/encuentroinformativo.com.mx\/index.php?rest_route=\/wp\/v2\/posts\/48174\/revisions\/48176"}],"wp:featuredmedia":[{"embeddable":true,"href":"https:\/\/encuentroinformativo.com.mx\/index.php?rest_route=\/wp\/v2\/media\/48175"}],"wp:attachment":[{"href":"https:\/\/encuentroinformativo.com.mx\/index.php?rest_route=%2Fwp%2Fv2%2Fmedia&parent=48174"}],"wp:term":[{"taxonomy":"category","embeddable":true,"href":"https:\/\/encuentroinformativo.com.mx\/index.php?rest_route=%2Fwp%2Fv2%2Fcategories&post=48174"},{"taxonomy":"post_tag","embeddable":true,"href":"https:\/\/encuentroinformativo.com.mx\/index.php?rest_route=%2Fwp%2Fv2%2Ftags&post=48174"}],"curies":[{"name":"wp","href":"https:\/\/api.w.org\/{rel}","templated":true}]}}