{"id":48177,"date":"2023-12-03T13:38:18","date_gmt":"2023-12-03T19:38:18","guid":{"rendered":"https:\/\/encuentroinformativo.com.mx\/?p=48177"},"modified":"2023-12-03T13:38:23","modified_gmt":"2023-12-03T19:38:23","slug":"inician-peregrinaciones-en-honor-a-la-guadalupana","status":"publish","type":"post","link":"https:\/\/encuentroinformativo.com.mx\/?p=48177","title":{"rendered":"Inician peregrinaciones en honor a la Guadalupana"},"content":{"rendered":"\n<p><strong>Juan Arcos <\/strong><\/p>\n\n\n\n<p>Xalapa, Ver.- Taxistas adheridos al Sindicato de Operadores Propietarios y Anexos del Estado de Veracruz (Sopaver) salieron en peregrinaci\u00f3n en honor a la Virgen de Guadalupe como lo han realizado desde hace varios a\u00f1os.<\/p>\n\n\n\n<p>Iniciaron su recorrido en la prolongaci\u00f3n Villahermosa de esta ciudad de Xalapa rumbo a la congregaci\u00f3n \u201cMal Pa\u00eds\u201d, municipio de Coacoatzintla, donde hay un Santuario a la Virgen.<\/p>\n\n\n\n<p>De acuerdo con el secretario general de Sopaver, Jos\u00e9 Luis Castillo Salas, se ha trabajado a favor de la \u201cfamilia taxista\u201d en todo el estado de Veracruz.<\/p>\n\n\n\n<p>\u201cTenemos 10 a\u00f1os a favor de este gremio taxista en lo largo y ancho del estado donde hemos tenido resultados para cada uno de ellos\u201d, refiri\u00f3.<\/p>\n\n\n\n<p>Han tenido resultados positivos y est\u00e1n coordinados con el gobierno estatal. Reconocen el trabajo del gobernador Cuitl\u00e1huac Garc\u00eda Jim\u00e9nez, pero est\u00e1n dispuestos a salir a las calles si no encuentran respuesta a sus demandas.<\/p>\n\n\n\n<p>\u201cEn el quinto a\u00f1o de gobierno de Ingeniero Cuitl\u00e1huac Garc\u00eda Jim\u00e9nez ha tenido resultados para los veracruzanos y est\u00e1 trabajando duro. Le queda un a\u00f1o de trabajo que le va a echar ganas para que los veracruzanos queden orgullosos del gobierno que tenemos. No todos los gobiernos son malos. El gobierno hace su trabajo, pero los funcionarios menores no responden al llamado del se\u00f1or gobernador, pero \u00e9l est\u00e1 trabajando\u201d.<\/p>\n\n\n\n<p>Siendo una organizaci\u00f3n nacional, tambi\u00e9n est\u00e1n dispuestos a enfrentarse al gobierno federal. Han trabajado duro sin recibir ayuda de los gobiernos y seguir\u00e1n apoyando a la clase trabajadora.<\/p>\n\n\n\n<p>\u201cSopaver reconoce el trabajo del se\u00f1or gobernador en lo largo y ancho del estado de Veracruz. Pero tambi\u00e9n, si a Sopaver no lo atienden tal y como le gusta aqu\u00ed a su gente, Sopaver tiene la obligaci\u00f3n a salir a las calles, a salir a golpes y como se pueda, con gobierno del estado o gobierno federal\u201d, enfatiz\u00f3 Castillo Salas.<\/p>\n\n\n\n<p>Los agremiados de Sopaver han denunciado que los delegados de Transporte act\u00faan con prepotencia en agravio de los ruleteros. Adem\u00e1s, se han pronunciado a favor de la actualizaci\u00f3n de las tarifas en la entidad.<\/p>\n\n\n\n<figure class=\"wp-block-image size-large\"><img loading=\"lazy\" decoding=\"async\" width=\"1024\" height=\"768\" src=\"https:\/\/encuentroinformativo.com.mx\/wp-content\/uploads\/2023\/12\/d0a379a0-8abd-44f4-9b3b-8b9b82e75452-1024x768.jpg\" alt=\"\" class=\"wp-image-48179\" srcset=\"https:\/\/encuentroinformativo.com.mx\/wp-content\/uploads\/2023\/12\/d0a379a0-8abd-44f4-9b3b-8b9b82e75452-1024x768.jpg 1024w, https:\/\/encuentroinformativo.com.mx\/wp-content\/uploads\/2023\/12\/d0a379a0-8abd-44f4-9b3b-8b9b82e75452-300x225.jpg 300w, https:\/\/encuentroinformativo.com.mx\/wp-content\/uploads\/2023\/12\/d0a379a0-8abd-44f4-9b3b-8b9b82e75452-768x576.jpg 768w, https:\/\/encuentroinformativo.com.mx\/wp-content\/uploads\/2023\/12\/d0a379a0-8abd-44f4-9b3b-8b9b82e75452-1536x1152.jpg 1536w, https:\/\/encuentroinformativo.com.mx\/wp-content\/uploads\/2023\/12\/d0a379a0-8abd-44f4-9b3b-8b9b82e75452.jpg 1600w\" sizes=\"auto, (max-width: 1024px) 100vw, 1024px\" \/><\/figure>\n","protected":false},"excerpt":{"rendered":"<p>Juan Arcos Xalapa, Ver.- Taxistas adheridos al Sindicato de Operadores Propietarios y Anexos del Estado de Veracruz (Sopaver) salieron en peregrinaci\u00f3n en honor a la Virgen de Guadalupe como lo han realizado desde hace varios a\u00f1os. Iniciaron su recorrido en la prolongaci\u00f3n Villahermosa de esta ciudad de Xalapa rumbo a la congregaci\u00f3n \u201cMal Pa\u00eds\u201d, municipio [&hellip;]<\/p>\n","protected":false},"author":2476,"featured_media":48178,"comment_status":"open","ping_status":"open","sticky":false,"template":"","format":"standard","meta":{"_jetpack_memberships_contains_paid_content":false,"footnotes":""},"categories":[3],"tags":[],"class_list":["post-48177","post","type-post","status-publish","format-standard","has-post-thumbnail","hentry","category-xalapa"],"jetpack_featured_media_url":"https:\/\/encuentroinformativo.com.mx\/wp-content\/uploads\/2023\/12\/22cb400f-8d07-4eb6-8662-3878784ace0e.jpg","jetpack_sharing_enabled":true,"jetpack_likes_enabled":true,"amp_enabled":true,"_links":{"self":[{"href":"https:\/\/encuentroinformativo.com.mx\/index.php?rest_route=\/wp\/v2\/posts\/48177","targetHints":{"allow":["GET"]}}],"collection":[{"href":"https:\/\/encuentroinformativo.com.mx\/index.php?rest_route=\/wp\/v2\/posts"}],"about":[{"href":"https:\/\/encuentroinformativo.com.mx\/index.php?rest_route=\/wp\/v2\/types\/post"}],"author":[{"embeddable":true,"href":"https:\/\/encuentroinformativo.com.mx\/index.php?rest_route=\/wp\/v2\/users\/2476"}],"replies":[{"embeddable":true,"href":"https:\/\/encuentroinformativo.com.mx\/index.php?rest_route=%2Fwp%2Fv2%2Fcomments&post=48177"}],"version-history":[{"count":1,"href":"https:\/\/encuentroinformativo.com.mx\/index.php?rest_route=\/wp\/v2\/posts\/48177\/revisions"}],"predecessor-version":[{"id":48180,"href":"https:\/\/encuentroinformativo.com.mx\/index.php?rest_route=\/wp\/v2\/posts\/48177\/revisions\/48180"}],"wp:featuredmedia":[{"embeddable":true,"href":"https:\/\/encuentroinformativo.com.mx\/index.php?rest_route=\/wp\/v2\/media\/48178"}],"wp:attachment":[{"href":"https:\/\/encuentroinformativo.com.mx\/index.php?rest_route=%2Fwp%2Fv2%2Fmedia&parent=48177"}],"wp:term":[{"taxonomy":"category","embeddable":true,"href":"https:\/\/encuentroinformativo.com.mx\/index.php?rest_route=%2Fwp%2Fv2%2Fcategories&post=48177"},{"taxonomy":"post_tag","embeddable":true,"href":"https:\/\/encuentroinformativo.com.mx\/index.php?rest_route=%2Fwp%2Fv2%2Ftags&post=48177"}],"curies":[{"name":"wp","href":"https:\/\/api.w.org\/{rel}","templated":true}]}}