{"id":48192,"date":"2023-12-04T11:54:08","date_gmt":"2023-12-04T17:54:08","guid":{"rendered":"https:\/\/encuentroinformativo.com.mx\/?p=48192"},"modified":"2023-12-04T11:54:14","modified_gmt":"2023-12-04T17:54:14","slug":"hospitalizan-a-menor-tras-accidente-en-feria-en-emiliano-zapata","status":"publish","type":"post","link":"https:\/\/encuentroinformativo.com.mx\/?p=48192","title":{"rendered":"Hospitalizan a menor tras accidente en Feria en Emiliano Zapata"},"content":{"rendered":"\n<p><strong>Alejandro \u00c1vila<\/strong><\/p>\n\n\n\n<p>Emiliano Zapata, Ver.- Una menor de edad fue hospitalizada la noche del pasado s\u00e1bado tras sufrir un accidente en la Rueda de la Fortuna de la Feria de la localidad de Estanzuela en el municipio de Emiliano Zapata.<\/p>\n\n\n\n<p>Su padre, Carmelo Antonio Garc\u00eda Rivas, relat\u00f3 que mientras la peque\u00f1a disfrutaban de un paseo en la Rueda de la Fortuna, este juego mec\u00e1nico tuvo una falla t\u00e9cnica.<\/p>\n\n\n\n<p>&#8220;De ah\u00ed para ac\u00e1 ha sido todo un caos, porque en principio la persona representante de la Feria no respondi\u00f3, el alcalde de Emiliano Zapata es el que organiz\u00f3 el evento, es parte y es responsable de todo esto que ha sucedido, no nos ha dado la cara para nada, por ah\u00ed anoche mando a una persona de \u00e9l, y haci\u00e9ndose referencia a esta persona, &#8216;sabes que, me manda mi jefe&#8217;, hablando del alcalde, &#8216;ah\u00ed te manda esto para que se ayuden&#8217;, y me manda una miseria, nos mand\u00f3 una miseria, &#8216;ah\u00ed para que ayuden a la ni\u00f1a&#8217;, y obviamente no hemos recibido apoyo de \u00e9l. De la empresa s\u00ed, de los juegos mec\u00e1nicos ya por ah\u00ed llegamos a un arreglo, nos dieron un dinero ellos, pero estamos esperando lo de la aseguradora, a ver que dice la aseguradora&#8221;, expres\u00f3.<\/p>\n\n\n\n<p>La peque\u00f1a lesionada responde al nombre de Paola Sina\u00ed Garc\u00eda Villa y se encuentra hospitalizada con severas lesiones, por lo cual sus padres urgen el apoyo de las autoridades municipales para que la atenci\u00f3n m\u00e9dica sea la correcta y la menor de edad pueda llevar un tratamiento adecuado.<\/p>\n","protected":false},"excerpt":{"rendered":"<p>Alejandro \u00c1vila Emiliano Zapata, Ver.- Una menor de edad fue hospitalizada la noche del pasado s\u00e1bado tras sufrir un accidente en la Rueda de la Fortuna de la Feria de la localidad de Estanzuela en el municipio de Emiliano Zapata. Su padre, Carmelo Antonio Garc\u00eda Rivas, relat\u00f3 que mientras la peque\u00f1a disfrutaban de un paseo [&hellip;]<\/p>\n","protected":false},"author":2476,"featured_media":48193,"comment_status":"open","ping_status":"open","sticky":false,"template":"","format":"standard","meta":{"_jetpack_memberships_contains_paid_content":false,"footnotes":""},"categories":[8],"tags":[],"class_list":["post-48192","post","type-post","status-publish","format-standard","has-post-thumbnail","hentry","category-region"],"jetpack_featured_media_url":"https:\/\/encuentroinformativo.com.mx\/wp-content\/uploads\/2023\/12\/Screenshot_20231204-114957.png","jetpack_sharing_enabled":true,"jetpack_likes_enabled":true,"amp_enabled":true,"_links":{"self":[{"href":"https:\/\/encuentroinformativo.com.mx\/index.php?rest_route=\/wp\/v2\/posts\/48192","targetHints":{"allow":["GET"]}}],"collection":[{"href":"https:\/\/encuentroinformativo.com.mx\/index.php?rest_route=\/wp\/v2\/posts"}],"about":[{"href":"https:\/\/encuentroinformativo.com.mx\/index.php?rest_route=\/wp\/v2\/types\/post"}],"author":[{"embeddable":true,"href":"https:\/\/encuentroinformativo.com.mx\/index.php?rest_route=\/wp\/v2\/users\/2476"}],"replies":[{"embeddable":true,"href":"https:\/\/encuentroinformativo.com.mx\/index.php?rest_route=%2Fwp%2Fv2%2Fcomments&post=48192"}],"version-history":[{"count":1,"href":"https:\/\/encuentroinformativo.com.mx\/index.php?rest_route=\/wp\/v2\/posts\/48192\/revisions"}],"predecessor-version":[{"id":48194,"href":"https:\/\/encuentroinformativo.com.mx\/index.php?rest_route=\/wp\/v2\/posts\/48192\/revisions\/48194"}],"wp:featuredmedia":[{"embeddable":true,"href":"https:\/\/encuentroinformativo.com.mx\/index.php?rest_route=\/wp\/v2\/media\/48193"}],"wp:attachment":[{"href":"https:\/\/encuentroinformativo.com.mx\/index.php?rest_route=%2Fwp%2Fv2%2Fmedia&parent=48192"}],"wp:term":[{"taxonomy":"category","embeddable":true,"href":"https:\/\/encuentroinformativo.com.mx\/index.php?rest_route=%2Fwp%2Fv2%2Fcategories&post=48192"},{"taxonomy":"post_tag","embeddable":true,"href":"https:\/\/encuentroinformativo.com.mx\/index.php?rest_route=%2Fwp%2Fv2%2Ftags&post=48192"}],"curies":[{"name":"wp","href":"https:\/\/api.w.org\/{rel}","templated":true}]}}