{"id":48202,"date":"2023-12-04T13:23:43","date_gmt":"2023-12-04T19:23:43","guid":{"rendered":"https:\/\/encuentroinformativo.com.mx\/?p=48202"},"modified":"2023-12-04T13:23:48","modified_gmt":"2023-12-04T19:23:48","slug":"ante-crisis-cafetaleros-reclaman-apoyo-de-las-autoridades","status":"publish","type":"post","link":"https:\/\/encuentroinformativo.com.mx\/?p=48202","title":{"rendered":"Ante crisis, cafetaleros reclaman apoyo de las autoridades"},"content":{"rendered":"\n<p><strong>Juan Arcos <\/strong><\/p>\n\n\n\n<p>Xalapa, Ver.- Un grupo de productores de caf\u00e9 protest\u00f3 frente a Palacio de Gobierno, en la ciudad de Xalapa, para exigir a la Secretar\u00eda de Agricultura y Desarrollo Rural (Sader) que brinde el apoyo para enfrentar la crisis en la industria cafetalera del pa\u00eds.<\/p>\n\n\n\n<p>Solicitaron un programa de rescate y apoyo econ\u00f3mico para los cafetaleros, as\u00ed como la inclusi\u00f3n del caf\u00e9 en el programa de fertilizante, pues en este momento el precio del kilogramo de cereza es de siete pesos, el cual es muy bajo para que su actividad a\u00fan sea rentable.<\/p>\n\n\n\n<p>Tambi\u00e9n hicieron un llamado a sus dirigentes para que act\u00faen con firmeza en la defensa de los intereses de los productores y sus familias, durante la reuni\u00f3n que se llevar\u00eda a cabo este lunes 4 de diciembre en la Ciudad de M\u00e9xico con autoridades de Sader.<\/p>\n\n\n\n<p>De acuerdo con Cirilo Elotl\u00e1n D\u00edaz, secretario del Consejo Regional del Caf\u00e9 de Coatepec, se solicit\u00f3 un apoyo fiscal de 10 mil pesos por hect\u00e1rea para todos los productores de caf\u00e9.<\/p>\n\n\n\n<p>\u201cEse es el planteamiento, una compensaci\u00f3n al precio del caf\u00e9. Segundo, hasta ahora no ha habido voluntad de incluir al caf\u00e9 en el programa de fertilizante. Eso nos vendr\u00eda bien hoy al sector cafetalero porque no vamos a atender dinero para atender nuestros cafetales en relaci\u00f3n al fertilizante\u201d.<\/p>\n\n\n\n<p>Record\u00f3 que, de lo contrario, el 60 por ciento de la cosecha 2023-2024 se va a quedar tirada en el campo, pues nadie va a recolectar el caf\u00e9.<\/p>\n\n\n\n<p>\u201cEn este momento se est\u00e1 abriendo la sesi\u00f3n all\u00e1 en la Ciudad de M\u00e9xico, en la Secretar\u00eda de Agricultura, y ah\u00ed nuestros dirigentes van a plantear esto que ahorita estoy diciendo. Ahora solo pedimos que nuestros dirigentes nacionales no act\u00faen con tibieza. Porque al parecer, a pesar de las experiencias y de todo el gran recorrido hist\u00f3rico que ellos tienen, vemos que ya cuando est\u00e1n frente a los funcionarios act\u00faan con cierta tibieza, con cierta calma\u201d.<\/p>\n\n\n\n<p>Elotl\u00e1n D\u00edaz enfatiz\u00f3 que continuar\u00e1n las protestas de cafetaleros en la ciudad de Xalapa, en caso de que no haya una respuesta favorable tras la reuni\u00f3n que se realiz\u00f3 este lunes 4 de diciembre con autoridades de la Sader.<\/p>\n\n\n\n<p>\u201cPor otro lado, qu\u00e9 bueno que se est\u00e1n sumando todos los estados cafetaleros, pero tenemos que entender que esto es una pol\u00edtica p\u00fablica, no de intereses en lo particular\u201d, remat\u00f3 Cirilo Elotl\u00e1n.<\/p>\n","protected":false},"excerpt":{"rendered":"<p>Juan Arcos Xalapa, Ver.- Un grupo de productores de caf\u00e9 protest\u00f3 frente a Palacio de Gobierno, en la ciudad de Xalapa, para exigir a la Secretar\u00eda de Agricultura y Desarrollo Rural (Sader) que brinde el apoyo para enfrentar la crisis en la industria cafetalera del pa\u00eds. Solicitaron un programa de rescate y apoyo econ\u00f3mico para [&hellip;]<\/p>\n","protected":false},"author":2476,"featured_media":48203,"comment_status":"open","ping_status":"open","sticky":false,"template":"","format":"standard","meta":{"_jetpack_memberships_contains_paid_content":false,"footnotes":""},"categories":[8],"tags":[],"class_list":["post-48202","post","type-post","status-publish","format-standard","has-post-thumbnail","hentry","category-region"],"jetpack_featured_media_url":"https:\/\/encuentroinformativo.com.mx\/wp-content\/uploads\/2023\/12\/IMG_2857.jpg","jetpack_sharing_enabled":true,"jetpack_likes_enabled":true,"amp_enabled":true,"_links":{"self":[{"href":"https:\/\/encuentroinformativo.com.mx\/index.php?rest_route=\/wp\/v2\/posts\/48202","targetHints":{"allow":["GET"]}}],"collection":[{"href":"https:\/\/encuentroinformativo.com.mx\/index.php?rest_route=\/wp\/v2\/posts"}],"about":[{"href":"https:\/\/encuentroinformativo.com.mx\/index.php?rest_route=\/wp\/v2\/types\/post"}],"author":[{"embeddable":true,"href":"https:\/\/encuentroinformativo.com.mx\/index.php?rest_route=\/wp\/v2\/users\/2476"}],"replies":[{"embeddable":true,"href":"https:\/\/encuentroinformativo.com.mx\/index.php?rest_route=%2Fwp%2Fv2%2Fcomments&post=48202"}],"version-history":[{"count":1,"href":"https:\/\/encuentroinformativo.com.mx\/index.php?rest_route=\/wp\/v2\/posts\/48202\/revisions"}],"predecessor-version":[{"id":48204,"href":"https:\/\/encuentroinformativo.com.mx\/index.php?rest_route=\/wp\/v2\/posts\/48202\/revisions\/48204"}],"wp:featuredmedia":[{"embeddable":true,"href":"https:\/\/encuentroinformativo.com.mx\/index.php?rest_route=\/wp\/v2\/media\/48203"}],"wp:attachment":[{"href":"https:\/\/encuentroinformativo.com.mx\/index.php?rest_route=%2Fwp%2Fv2%2Fmedia&parent=48202"}],"wp:term":[{"taxonomy":"category","embeddable":true,"href":"https:\/\/encuentroinformativo.com.mx\/index.php?rest_route=%2Fwp%2Fv2%2Fcategories&post=48202"},{"taxonomy":"post_tag","embeddable":true,"href":"https:\/\/encuentroinformativo.com.mx\/index.php?rest_route=%2Fwp%2Fv2%2Ftags&post=48202"}],"curies":[{"name":"wp","href":"https:\/\/api.w.org\/{rel}","templated":true}]}}