{"id":48223,"date":"2023-12-05T00:16:02","date_gmt":"2023-12-05T06:16:02","guid":{"rendered":"https:\/\/encuentroinformativo.com.mx\/?p=48223"},"modified":"2023-12-05T00:16:05","modified_gmt":"2023-12-05T06:16:05","slug":"instala-ayuntamiento-pino-monumental-en-los-lagos","status":"publish","type":"post","link":"https:\/\/encuentroinformativo.com.mx\/?p=48223","title":{"rendered":"Instala Ayuntamiento pino monumental en Los Lagos"},"content":{"rendered":"\n<p>Xalapa, Ver.- Para llevar el esp\u00edritu navide\u00f1o a m\u00e1s espacios p\u00fablicos de la ciudad, el presidente municipal Ricardo Ahued Bardahuil, realiz\u00f3 el encendido de un pino monumental en el Paseo de Los Lagos.<\/p>\n\n\n\n<p>Se trata de una estructura de 20 metros de alto que requiri\u00f3 la participaci\u00f3n de dos decenas de trabajadores de la Direcci\u00f3n de Alumbrado P\u00fablico, quienes recibieron el reconocimiento del Alcalde y el Cabildo como protagonistas de la ceremonia de encendido.<\/p>\n\n\n\n<p>Como labores complementarias, se dio mantenimiento a las letras tur\u00edsticas de Xalapa<br>y se realiz\u00f3 el cambio de luminarias, acciones con las que el Paseo de Los Lagos, los parques Benito Ju\u00e1rez, Miguel Hidalgo &#8220;Los Berros&#8221; y el Barrio M\u00e1gico de Xallitic, encienden sus luces a partir de las 18:00 horas, a diario.<\/p>\n\n\n\n<p>De acuerdo con el Edil, este \u00e1rbol simboliza una luz de paz y esperanza para una ciudad que avanza en sus obras, acciones y eventos; en este sentido, aprovech\u00f3 para hacer extensivo el reconocimiento a todas las \u00e1reas del Gobierno Municipal por su trabajo y esfuerzo de tiempo completo durante 2023.<\/p>\n\n\n\n<p>Tras el encendido del \u00e1rbol monumental, la Orquesta Pauta Nueva ameniz\u00f3 la noche con un repertorio especial de villancicos y m\u00fasica para bailar.<\/p>\n\n\n\n<p>Asistieron las y los regidores Helen Sarmiento Ja\u00e9n, Diego David Florescano P\u00e9rez, Martha Valentina Dom\u00ednguez V\u00e1squez, Mar\u00eda Guadalupe M\u00e1rquez Leonardo, Carlos Rugerio Mart\u00ednez, Mart\u00edn Victoriano Espinoza Rold\u00e1n, Ana Cristina Hern\u00e1ndez Aburto, Daniel Fern\u00e1ndez Carri\u00f3n y Alfonso Marcos Garc\u00eda Castillo.<\/p>\n\n\n\n<p>Tambi\u00e9n, la directora de Cultura, Karla Montano Rocher; el director de Alumbrado P\u00fablico, Juan Carlos Alem\u00e1n y funcionariado municipal.<\/p>\n\n\n\n<figure class=\"wp-block-image size-large\"><img loading=\"lazy\" decoding=\"async\" width=\"1024\" height=\"682\" src=\"https:\/\/encuentroinformativo.com.mx\/wp-content\/uploads\/2023\/12\/IMG-20231204-WA01322-1024x682.jpg\" alt=\"\" class=\"wp-image-48225\" srcset=\"https:\/\/encuentroinformativo.com.mx\/wp-content\/uploads\/2023\/12\/IMG-20231204-WA01322-1024x682.jpg 1024w, https:\/\/encuentroinformativo.com.mx\/wp-content\/uploads\/2023\/12\/IMG-20231204-WA01322-300x200.jpg 300w, https:\/\/encuentroinformativo.com.mx\/wp-content\/uploads\/2023\/12\/IMG-20231204-WA01322-768x512.jpg 768w, https:\/\/encuentroinformativo.com.mx\/wp-content\/uploads\/2023\/12\/IMG-20231204-WA01322-1536x1024.jpg 1536w, https:\/\/encuentroinformativo.com.mx\/wp-content\/uploads\/2023\/12\/IMG-20231204-WA01322-2048x1365.jpg 2048w\" sizes=\"auto, (max-width: 1024px) 100vw, 1024px\" \/><\/figure>\n","protected":false},"excerpt":{"rendered":"<p>Xalapa, Ver.- Para llevar el esp\u00edritu navide\u00f1o a m\u00e1s espacios p\u00fablicos de la ciudad, el presidente municipal Ricardo Ahued Bardahuil, realiz\u00f3 el encendido de un pino monumental en el Paseo de Los Lagos. Se trata de una estructura de 20 metros de alto que requiri\u00f3 la participaci\u00f3n de dos decenas de trabajadores de la Direcci\u00f3n [&hellip;]<\/p>\n","protected":false},"author":2476,"featured_media":48224,"comment_status":"open","ping_status":"open","sticky":false,"template":"","format":"standard","meta":{"_jetpack_memberships_contains_paid_content":false,"footnotes":""},"categories":[3],"tags":[],"class_list":["post-48223","post","type-post","status-publish","format-standard","has-post-thumbnail","hentry","category-xalapa"],"jetpack_featured_media_url":"https:\/\/encuentroinformativo.com.mx\/wp-content\/uploads\/2023\/12\/IMG-20231204-WA01402.jpg","jetpack_sharing_enabled":true,"jetpack_likes_enabled":true,"amp_enabled":true,"_links":{"self":[{"href":"https:\/\/encuentroinformativo.com.mx\/index.php?rest_route=\/wp\/v2\/posts\/48223","targetHints":{"allow":["GET"]}}],"collection":[{"href":"https:\/\/encuentroinformativo.com.mx\/index.php?rest_route=\/wp\/v2\/posts"}],"about":[{"href":"https:\/\/encuentroinformativo.com.mx\/index.php?rest_route=\/wp\/v2\/types\/post"}],"author":[{"embeddable":true,"href":"https:\/\/encuentroinformativo.com.mx\/index.php?rest_route=\/wp\/v2\/users\/2476"}],"replies":[{"embeddable":true,"href":"https:\/\/encuentroinformativo.com.mx\/index.php?rest_route=%2Fwp%2Fv2%2Fcomments&post=48223"}],"version-history":[{"count":1,"href":"https:\/\/encuentroinformativo.com.mx\/index.php?rest_route=\/wp\/v2\/posts\/48223\/revisions"}],"predecessor-version":[{"id":48226,"href":"https:\/\/encuentroinformativo.com.mx\/index.php?rest_route=\/wp\/v2\/posts\/48223\/revisions\/48226"}],"wp:featuredmedia":[{"embeddable":true,"href":"https:\/\/encuentroinformativo.com.mx\/index.php?rest_route=\/wp\/v2\/media\/48224"}],"wp:attachment":[{"href":"https:\/\/encuentroinformativo.com.mx\/index.php?rest_route=%2Fwp%2Fv2%2Fmedia&parent=48223"}],"wp:term":[{"taxonomy":"category","embeddable":true,"href":"https:\/\/encuentroinformativo.com.mx\/index.php?rest_route=%2Fwp%2Fv2%2Fcategories&post=48223"},{"taxonomy":"post_tag","embeddable":true,"href":"https:\/\/encuentroinformativo.com.mx\/index.php?rest_route=%2Fwp%2Fv2%2Ftags&post=48223"}],"curies":[{"name":"wp","href":"https:\/\/api.w.org\/{rel}","templated":true}]}}