{"id":48236,"date":"2023-12-05T11:14:50","date_gmt":"2023-12-05T17:14:50","guid":{"rendered":"https:\/\/encuentroinformativo.com.mx\/?p=48236"},"modified":"2023-12-05T11:14:55","modified_gmt":"2023-12-05T17:14:55","slug":"con-tapetes-de-aserrin-pintaran-de-colores-piedras-negras","status":"publish","type":"post","link":"https:\/\/encuentroinformativo.com.mx\/?p=48236","title":{"rendered":"Con tapetes de aserr\u00edn pintar\u00e1n de colores Piedras Negras"},"content":{"rendered":"\n<p><strong>Alejandro \u00c1vila<\/strong><\/p>\n\n\n\n<p>Veracruz, Ver.- El pr\u00f3ximo 7 de diciembre se llevar\u00e1 a cabo la presentaci\u00f3n de los tapetes de aserr\u00edn en honor a la Virgen de la Inmaculada Concepci\u00f3n, en la localidad de Piedras Negras del municipio de Tlalixcoyan.<\/p>\n\n\n\n<p>Fray Arturo V\u00e1zquez, p\u00e1rroco de la iglesia de Piedras Negras, mencion\u00f3 que si bien esa tradici\u00f3n est\u00e1 por cumplir 19 a\u00f1os, ser\u00e1 la primera edici\u00f3n que se hace de forma estructurada con denominaci\u00f3n de Festival, por lo cual habr\u00e1 actividadades del 7 al 12 de diciembre.<\/p>\n\n\n\n<p>En ediciones anteriores escuelas primarias, secundarias, el COBAEV y familias de las 38 localidades participaban en la creaci\u00f3n de tapetes de aserr\u00edn, por lo cual se adornaban 3 kilometros a la redonda de la parroquia; sin embargo, el p\u00e1rroco reconoci\u00f3 que durante la pandemia disminuy\u00f3 mucho la presentaci\u00f3n de tapetes. Se esperan que este a\u00f1o vuelvan a participar todos y adorne la ciudad como en ocasiones pasadas.<\/p>\n\n\n\n<p>&#8220;Vestir a Piedras Negras de luces y colores, creo que se ha llevado a cabo durante todo este espacio de tiempo, tenemos que estar agradecidos con la comunidad&#8221;, expres\u00f3 Fray Arturo V\u00e1zquez.<\/p>\n\n\n\n<p>Es de mencionar que, el d\u00eda 7 de diciembre dentro del recorrido por las calles que se adorna con tapetes de aserr\u00edn, se entrega a los asistentes atole y tamales.<\/p>\n\n\n\n<p>&#8220;Creo que volver a retomar con mayor \u00edmpetu, gracias a todos y cada uno de ustedes, esta festividad, este festival, esta fiesta, creo que lo hacemos como algo nuestro, vestir de colores a Piedras Negras, vestirla de luces, creo que es una realidad que se ha buscado desde hace ya 19 a\u00f1os, el pr\u00f3ximo a\u00f1o ser\u00e1n 20 a\u00f1os (\u2026) el significado es que, al pasar la imagen de la Inmaculada Concepci\u00f3n en esta procesi\u00f3n, ella pase por lugares dignos, y tambi\u00e9n esto ayuda a la convivencia de los que viven en la calle&#8221; culmin\u00f3.<\/p>\n","protected":false},"excerpt":{"rendered":"<p>Alejandro \u00c1vila Veracruz, Ver.- El pr\u00f3ximo 7 de diciembre se llevar\u00e1 a cabo la presentaci\u00f3n de los tapetes de aserr\u00edn en honor a la Virgen de la Inmaculada Concepci\u00f3n, en la localidad de Piedras Negras del municipio de Tlalixcoyan. Fray Arturo V\u00e1zquez, p\u00e1rroco de la iglesia de Piedras Negras, mencion\u00f3 que si bien esa tradici\u00f3n [&hellip;]<\/p>\n","protected":false},"author":2476,"featured_media":48237,"comment_status":"open","ping_status":"open","sticky":false,"template":"","format":"standard","meta":{"_jetpack_memberships_contains_paid_content":false,"footnotes":""},"categories":[2],"tags":[],"class_list":["post-48236","post","type-post","status-publish","format-standard","has-post-thumbnail","hentry","category-estado"],"jetpack_featured_media_url":"https:\/\/encuentroinformativo.com.mx\/wp-content\/uploads\/2023\/12\/IMG-20231205-WA0006.jpg","jetpack_sharing_enabled":true,"jetpack_likes_enabled":true,"amp_enabled":true,"_links":{"self":[{"href":"https:\/\/encuentroinformativo.com.mx\/index.php?rest_route=\/wp\/v2\/posts\/48236","targetHints":{"allow":["GET"]}}],"collection":[{"href":"https:\/\/encuentroinformativo.com.mx\/index.php?rest_route=\/wp\/v2\/posts"}],"about":[{"href":"https:\/\/encuentroinformativo.com.mx\/index.php?rest_route=\/wp\/v2\/types\/post"}],"author":[{"embeddable":true,"href":"https:\/\/encuentroinformativo.com.mx\/index.php?rest_route=\/wp\/v2\/users\/2476"}],"replies":[{"embeddable":true,"href":"https:\/\/encuentroinformativo.com.mx\/index.php?rest_route=%2Fwp%2Fv2%2Fcomments&post=48236"}],"version-history":[{"count":1,"href":"https:\/\/encuentroinformativo.com.mx\/index.php?rest_route=\/wp\/v2\/posts\/48236\/revisions"}],"predecessor-version":[{"id":48238,"href":"https:\/\/encuentroinformativo.com.mx\/index.php?rest_route=\/wp\/v2\/posts\/48236\/revisions\/48238"}],"wp:featuredmedia":[{"embeddable":true,"href":"https:\/\/encuentroinformativo.com.mx\/index.php?rest_route=\/wp\/v2\/media\/48237"}],"wp:attachment":[{"href":"https:\/\/encuentroinformativo.com.mx\/index.php?rest_route=%2Fwp%2Fv2%2Fmedia&parent=48236"}],"wp:term":[{"taxonomy":"category","embeddable":true,"href":"https:\/\/encuentroinformativo.com.mx\/index.php?rest_route=%2Fwp%2Fv2%2Fcategories&post=48236"},{"taxonomy":"post_tag","embeddable":true,"href":"https:\/\/encuentroinformativo.com.mx\/index.php?rest_route=%2Fwp%2Fv2%2Ftags&post=48236"}],"curies":[{"name":"wp","href":"https:\/\/api.w.org\/{rel}","templated":true}]}}