{"id":48240,"date":"2023-12-05T11:19:36","date_gmt":"2023-12-05T17:19:36","guid":{"rendered":"https:\/\/encuentroinformativo.com.mx\/?p=48240"},"modified":"2023-12-05T11:19:41","modified_gmt":"2023-12-05T17:19:41","slug":"por-temporada-navidena-tendra-medellin-de-bravo-pista-de-hielo","status":"publish","type":"post","link":"https:\/\/encuentroinformativo.com.mx\/?p=48240","title":{"rendered":"Por temporada navide\u00f1a, tendr\u00e1 Medell\u00edn de Bravo pista de hielo"},"content":{"rendered":"\n<p><strong>Alejandro \u00c1vila<\/strong><\/p>\n\n\n\n<p>Medell\u00edn de Bravo, Ver.- Ser\u00e1 el pr\u00f3ximo 6 de diciembre cuando se active la pista de hielo en el municipio de Medell\u00edn de Bravo, misma que no tendr\u00e1 costo alguno para los ciudadanos, inform\u00f3 el alcalde, Marcos Isle\u00f1o Andrade, la noche de este lunes cuando encendi\u00f3 el \u00c1rbol de Navidad<\/p>\n\n\n\n<p>Este mismo lunes tambi\u00e9n se inaugur\u00f3 la Villa Navide\u00f1a; se estima que este a\u00f1o se pueda romper r\u00e9cord de asistencia, con lo cual tambi\u00e9n despuntar\u00e1n las ventas de los comerciantes de los alrededores.<\/p>\n\n\n\n<p>Con un gran espect\u00e1culo de luces y juegos pirot\u00e9cnicos y en un ambiente completamente familiar, los asistentes disfrutaron de este espacio situado en esta ocasi\u00f3n en el domo del fraccionamiento Arboledas San Ram\u00f3n.<\/p>\n\n\n\n<p>\u201cBienvenidos sean todos a este hermoso evento que fue creado con mucho cari\u00f1o para ustedes. Este es el mejor pretexto para convivir con todos nuestros seres queridos y esperamos que disfruten de este espacio que se ver\u00e1 coronado con la pista de hielo que se instalar\u00e1 en unos d\u00edas m\u00e1s y que permanecer\u00e1 durante todo el mes de diciembre\u201d, coment\u00f3.<\/p>\n\n\n\n<p>El mun\u00edcipe detall\u00f3 que la Villa M\u00e1gica estar\u00e1 abierta hasta el 6 de enero pr\u00f3ximo, en un horario de 6 de la tarde a 12 de la noche.&nbsp;<\/p>\n\n\n\n<p>En ese lapso de tiempo, explic\u00f3, ser\u00e1 s\u00f3lo s\u00e1bados y domingos cuando se presenten shows navide\u00f1os con Santa Claus, acompa\u00f1ado de los duendes y el Grinch.<\/p>\n\n\n\n<p>Marcos Isle\u00f1o aprovech\u00f3 para anunciar que ser\u00e1 a partir de este mi\u00e9rcoles 6 de diciembre que los medellinenses y visitantes podr\u00e1n disfrutar de la pista de hielo, la cual permanecer\u00e1 todo el mes de diciembre y cuyo acceso ser\u00e1 completamente gratis.<\/p>\n\n\n\n<p>La Villa M\u00e1gica cuenta con diversos atractivos navide\u00f1os para tomarse la selfie, como la Casa de Santa, la Casa de Jengibre, los Reyes Magos, el Nacimiento, la tradicional esfera y estrella de navidad, as\u00ed como el t\u00fanel iluminado.<\/p>\n\n\n\n<p>Durante el recorrido los asistentes podr\u00e1n degustar de alimentos en una zona dise\u00f1ada para emprendedores locales.<\/p>\n","protected":false},"excerpt":{"rendered":"<p>Alejandro \u00c1vila Medell\u00edn de Bravo, Ver.- Ser\u00e1 el pr\u00f3ximo 6 de diciembre cuando se active la pista de hielo en el municipio de Medell\u00edn de Bravo, misma que no tendr\u00e1 costo alguno para los ciudadanos, inform\u00f3 el alcalde, Marcos Isle\u00f1o Andrade, la noche de este lunes cuando encendi\u00f3 el \u00c1rbol de Navidad Este mismo lunes [&hellip;]<\/p>\n","protected":false},"author":2476,"featured_media":48241,"comment_status":"open","ping_status":"open","sticky":false,"template":"","format":"standard","meta":{"_jetpack_memberships_contains_paid_content":false,"footnotes":""},"categories":[2],"tags":[],"class_list":["post-48240","post","type-post","status-publish","format-standard","has-post-thumbnail","hentry","category-estado"],"jetpack_featured_media_url":"https:\/\/encuentroinformativo.com.mx\/wp-content\/uploads\/2023\/12\/IMG-20231205-WA0008.jpg","jetpack_sharing_enabled":true,"jetpack_likes_enabled":true,"amp_enabled":true,"_links":{"self":[{"href":"https:\/\/encuentroinformativo.com.mx\/index.php?rest_route=\/wp\/v2\/posts\/48240","targetHints":{"allow":["GET"]}}],"collection":[{"href":"https:\/\/encuentroinformativo.com.mx\/index.php?rest_route=\/wp\/v2\/posts"}],"about":[{"href":"https:\/\/encuentroinformativo.com.mx\/index.php?rest_route=\/wp\/v2\/types\/post"}],"author":[{"embeddable":true,"href":"https:\/\/encuentroinformativo.com.mx\/index.php?rest_route=\/wp\/v2\/users\/2476"}],"replies":[{"embeddable":true,"href":"https:\/\/encuentroinformativo.com.mx\/index.php?rest_route=%2Fwp%2Fv2%2Fcomments&post=48240"}],"version-history":[{"count":1,"href":"https:\/\/encuentroinformativo.com.mx\/index.php?rest_route=\/wp\/v2\/posts\/48240\/revisions"}],"predecessor-version":[{"id":48242,"href":"https:\/\/encuentroinformativo.com.mx\/index.php?rest_route=\/wp\/v2\/posts\/48240\/revisions\/48242"}],"wp:featuredmedia":[{"embeddable":true,"href":"https:\/\/encuentroinformativo.com.mx\/index.php?rest_route=\/wp\/v2\/media\/48241"}],"wp:attachment":[{"href":"https:\/\/encuentroinformativo.com.mx\/index.php?rest_route=%2Fwp%2Fv2%2Fmedia&parent=48240"}],"wp:term":[{"taxonomy":"category","embeddable":true,"href":"https:\/\/encuentroinformativo.com.mx\/index.php?rest_route=%2Fwp%2Fv2%2Fcategories&post=48240"},{"taxonomy":"post_tag","embeddable":true,"href":"https:\/\/encuentroinformativo.com.mx\/index.php?rest_route=%2Fwp%2Fv2%2Ftags&post=48240"}],"curies":[{"name":"wp","href":"https:\/\/api.w.org\/{rel}","templated":true}]}}