{"id":48246,"date":"2023-12-05T13:46:09","date_gmt":"2023-12-05T19:46:09","guid":{"rendered":"https:\/\/encuentroinformativo.com.mx\/?p=48246"},"modified":"2023-12-05T13:46:14","modified_gmt":"2023-12-05T19:46:14","slug":"alista-ssp-operativo-y-cierres-viales-en-xalapa-por-desfile-navideno","status":"publish","type":"post","link":"https:\/\/encuentroinformativo.com.mx\/?p=48246","title":{"rendered":"Alista SSP Operativo y Cierres Viales en Xalapa por Desfile Navide\u00f1o"},"content":{"rendered":"\n<p>Xalapa, Ver.- La Secretar\u00eda de Seguridad P\u00fablica (SSP) a trav\u00e9s de la direcci\u00f3n General de Tr\u00e1nsito y Seguridad vial (DGTSV), informa a la ciudadan\u00eda sobre el dispositivo que pondr\u00e1 en marcha el 6 de diciembre a partir de las 16 horas en la ciudad de Xalapa, con motivo de la caravana navide\u00f1a organizada por una empresa refresquera.<\/p>\n\n\n\n<p>El evento dar\u00e1 inicio en el cruce de la avenida 20 de noviembre y avenida Maestros Veracruzanos, para concluir en la intersecci\u00f3n de la avenida Manuel \u00c1vila Camacho con avenida Xalapa. Durante la duraci\u00f3n del desfile se realizar\u00e1n un total de 38 cortes a la circulaci\u00f3n vehicular en calles y cruces de la capital, donde tambi\u00e9n participan Polic\u00eda Vial y Polic\u00eda Municipal para agilizar la circulaci\u00f3n en puntos establecidos.<\/p>\n\n\n\n<p>Este operativo tiene como objetivo garantizar la seguridad de las y los participantes y asistentes al desfile, as\u00ed como mantener el orden. La colaboraci\u00f3n de la ciudadan\u00eda es fundamental para el \u00e9xito de estas medias, por lo que se recomienda tomar en cuenta las siguientes indicaciones:<\/p>\n\n\n\n<ol class=\"wp-block-list\"><li>Programar recorridos con anticipaci\u00f3n considerando los cierres viales y las rutas alternas disponibles.<\/li><li>Manejar con precauci\u00f3n.<\/li><li>Mantenerse informado a trav\u00e9s de fuentes oficiales sobre el desarrollo del desfile y los posibles cambios en la circulaci\u00f3n. Se proporcionar\u00e1n actualizaciones a trav\u00e9s de los canales de comunicaci\u00f3n oficiales de la SSP y la DGTSV.<\/li><li>Colaborar con las autoridades, respetando las indicaciones de los elementos de tr\u00e1nsito y personal de seguridad presentes en los puntos de cierre vial y recorrido de la caravana.<\/li><\/ol>\n\n\n\n<p>La Secretar\u00eda de Seguridad P\u00fablica (SSP) agradece la comprensi\u00f3n y cooperaci\u00f3n de la ciudadan\u00eda ante estas medidas, las cuales buscan garantizar un evento seguro y ordenado; adem\u00e1s, reitera su compromiso de salvaguardad la integridad de las y los veracruzanos.<\/p>\n","protected":false},"excerpt":{"rendered":"<p>Xalapa, Ver.- La Secretar\u00eda de Seguridad P\u00fablica (SSP) a trav\u00e9s de la direcci\u00f3n General de Tr\u00e1nsito y Seguridad vial (DGTSV), informa a la ciudadan\u00eda sobre el dispositivo que pondr\u00e1 en marcha el 6 de diciembre a partir de las 16 horas en la ciudad de Xalapa, con motivo de la caravana navide\u00f1a organizada por una [&hellip;]<\/p>\n","protected":false},"author":2476,"featured_media":48247,"comment_status":"open","ping_status":"open","sticky":false,"template":"","format":"standard","meta":{"_jetpack_memberships_contains_paid_content":false,"footnotes":""},"categories":[3],"tags":[],"class_list":["post-48246","post","type-post","status-publish","format-standard","has-post-thumbnail","hentry","category-xalapa"],"jetpack_featured_media_url":"https:\/\/encuentroinformativo.com.mx\/wp-content\/uploads\/2023\/12\/IMG-20231205-WA0026.jpg","jetpack_sharing_enabled":true,"jetpack_likes_enabled":true,"amp_enabled":true,"_links":{"self":[{"href":"https:\/\/encuentroinformativo.com.mx\/index.php?rest_route=\/wp\/v2\/posts\/48246","targetHints":{"allow":["GET"]}}],"collection":[{"href":"https:\/\/encuentroinformativo.com.mx\/index.php?rest_route=\/wp\/v2\/posts"}],"about":[{"href":"https:\/\/encuentroinformativo.com.mx\/index.php?rest_route=\/wp\/v2\/types\/post"}],"author":[{"embeddable":true,"href":"https:\/\/encuentroinformativo.com.mx\/index.php?rest_route=\/wp\/v2\/users\/2476"}],"replies":[{"embeddable":true,"href":"https:\/\/encuentroinformativo.com.mx\/index.php?rest_route=%2Fwp%2Fv2%2Fcomments&post=48246"}],"version-history":[{"count":1,"href":"https:\/\/encuentroinformativo.com.mx\/index.php?rest_route=\/wp\/v2\/posts\/48246\/revisions"}],"predecessor-version":[{"id":48248,"href":"https:\/\/encuentroinformativo.com.mx\/index.php?rest_route=\/wp\/v2\/posts\/48246\/revisions\/48248"}],"wp:featuredmedia":[{"embeddable":true,"href":"https:\/\/encuentroinformativo.com.mx\/index.php?rest_route=\/wp\/v2\/media\/48247"}],"wp:attachment":[{"href":"https:\/\/encuentroinformativo.com.mx\/index.php?rest_route=%2Fwp%2Fv2%2Fmedia&parent=48246"}],"wp:term":[{"taxonomy":"category","embeddable":true,"href":"https:\/\/encuentroinformativo.com.mx\/index.php?rest_route=%2Fwp%2Fv2%2Fcategories&post=48246"},{"taxonomy":"post_tag","embeddable":true,"href":"https:\/\/encuentroinformativo.com.mx\/index.php?rest_route=%2Fwp%2Fv2%2Ftags&post=48246"}],"curies":[{"name":"wp","href":"https:\/\/api.w.org\/{rel}","templated":true}]}}