{"id":48252,"date":"2023-12-05T16:31:27","date_gmt":"2023-12-05T22:31:27","guid":{"rendered":"https:\/\/encuentroinformativo.com.mx\/?p=48252"},"modified":"2023-12-05T16:31:31","modified_gmt":"2023-12-05T22:31:31","slug":"comunidad-lgbtttiq-pide-dialogo-directo-con-aspirantes","status":"publish","type":"post","link":"https:\/\/encuentroinformativo.com.mx\/?p=48252","title":{"rendered":"Comunidad LGBTTTIQ pide di\u00e1logo directo con aspirantes"},"content":{"rendered":"\n<p><strong>Dar\u00edo Pale <\/strong><\/p>\n\n\n\n<p>Xalapa, Ver.- La comunidad de la diversidad sexual quiere di\u00e1logo directo con aspirantes, los Legisladores que han llegado por el voto rosa, se olvidan de la comunidad, adem\u00e1s de que hay muchos temas pendientes con la Fiscal\u00eda General del Estado (FGE), as\u00ed lo dio a conocer el presidente de la Coalici\u00f3n LGBTTTIQA+, Benjam\u00edn Callejas Hern\u00e1ndez.<\/p>\n\n\n\n<p>En conferencia de prensa se\u00f1al\u00f3 que hay otras demandas que a\u00fan siguen pendientes como la Fiscal\u00eda Especializada para Atender Cr\u00edmenes de Odio o por Homofobia, adem\u00e1s de que se atiendan las desapariciones de la comunidad con perspectiva de diversidad sexual.<\/p>\n\n\n\n<p>Callejas Hern\u00e1ndez refiri\u00f3 que a la fecha han ocurrido 23 cr\u00edmenes de odio en la Entidad, de esos 17 corresponden a personas de la comunidad trans.<\/p>\n\n\n\n<p>En ese sentido, defini\u00f3 que ese es el grupo m\u00e1s vulnerable de la comunidad, por lo que es necesario que haya pol\u00edticas p\u00fablicas contundentes, transversales, incluyentes, en donde se generen espacios para el desarrollo de la libre personalidad.<\/p>\n\n\n\n<p>&#8220;Voltear a ver a este grupo hist\u00f3ricamente vulnerado es de suma importancia, creando la pol\u00edtica transversal, pero desde el Legislativo, se tiene que armonizar la Ley y que todas las leyes aterricen en todas las dem\u00e1s leyes secundarias para que se les pueda brindar una oportunidad&#8221;, coment\u00f3.<\/p>\n\n\n\n<p>En otro orden de ideas solicit\u00f3 que haya di\u00e1logo directo, sin intermediarios con las aspirantes a la presidencia de la Rep\u00fablica y a la gubernatura, Claudia Sheimbaum y Roc\u00edo Nahle, respectivamente y pidi\u00f3 que sean ellas las coordinadoras de la agenda LGBTTTIQA+ del Estado.<\/p>\n\n\n\n<p>Y es que al cuestionarle respecto de los legisladores que han llegado gracias al llamado voto rosa, respondi\u00f3 que desafortunadamente muchos han llegado a una curul y luego se han olvidado de su comunidad.<\/p>\n\n\n\n<p>Expres\u00f3 que la demanda de los colectivos de la comunidad, es que deje de haber simulaciones o intermediarios, sino que haya un di\u00e1logo directo.<br>La finalidad es que puedan construir una agenda integral e inclusiva, en estricto apego a derechos humanos.<\/p>\n\n\n\n<p>Por \u00faltimo se\u00f1al\u00f3 que, &#8220;s\u00ed es cierto que hemos tenido avances muy importantes y que desde los colectivos y desde la sociedad civil hemos avanzado en el matrimonio igualitario, en la Ley de Identidad Trans para las personas&#8221;.<\/p>\n","protected":false},"excerpt":{"rendered":"<p>Dar\u00edo Pale Xalapa, Ver.- La comunidad de la diversidad sexual quiere di\u00e1logo directo con aspirantes, los Legisladores que han llegado por el voto rosa, se olvidan de la comunidad, adem\u00e1s de que hay muchos temas pendientes con la Fiscal\u00eda General del Estado (FGE), as\u00ed lo dio a conocer el presidente de la Coalici\u00f3n LGBTTTIQA+, Benjam\u00edn [&hellip;]<\/p>\n","protected":false},"author":2476,"featured_media":48253,"comment_status":"open","ping_status":"open","sticky":false,"template":"","format":"standard","meta":{"_jetpack_memberships_contains_paid_content":false,"footnotes":""},"categories":[3],"tags":[],"class_list":["post-48252","post","type-post","status-publish","format-standard","has-post-thumbnail","hentry","category-xalapa"],"jetpack_featured_media_url":"https:\/\/encuentroinformativo.com.mx\/wp-content\/uploads\/2023\/12\/IMG-20231205-WA0053.jpg","jetpack_sharing_enabled":true,"jetpack_likes_enabled":true,"amp_enabled":true,"_links":{"self":[{"href":"https:\/\/encuentroinformativo.com.mx\/index.php?rest_route=\/wp\/v2\/posts\/48252","targetHints":{"allow":["GET"]}}],"collection":[{"href":"https:\/\/encuentroinformativo.com.mx\/index.php?rest_route=\/wp\/v2\/posts"}],"about":[{"href":"https:\/\/encuentroinformativo.com.mx\/index.php?rest_route=\/wp\/v2\/types\/post"}],"author":[{"embeddable":true,"href":"https:\/\/encuentroinformativo.com.mx\/index.php?rest_route=\/wp\/v2\/users\/2476"}],"replies":[{"embeddable":true,"href":"https:\/\/encuentroinformativo.com.mx\/index.php?rest_route=%2Fwp%2Fv2%2Fcomments&post=48252"}],"version-history":[{"count":1,"href":"https:\/\/encuentroinformativo.com.mx\/index.php?rest_route=\/wp\/v2\/posts\/48252\/revisions"}],"predecessor-version":[{"id":48254,"href":"https:\/\/encuentroinformativo.com.mx\/index.php?rest_route=\/wp\/v2\/posts\/48252\/revisions\/48254"}],"wp:featuredmedia":[{"embeddable":true,"href":"https:\/\/encuentroinformativo.com.mx\/index.php?rest_route=\/wp\/v2\/media\/48253"}],"wp:attachment":[{"href":"https:\/\/encuentroinformativo.com.mx\/index.php?rest_route=%2Fwp%2Fv2%2Fmedia&parent=48252"}],"wp:term":[{"taxonomy":"category","embeddable":true,"href":"https:\/\/encuentroinformativo.com.mx\/index.php?rest_route=%2Fwp%2Fv2%2Fcategories&post=48252"},{"taxonomy":"post_tag","embeddable":true,"href":"https:\/\/encuentroinformativo.com.mx\/index.php?rest_route=%2Fwp%2Fv2%2Ftags&post=48252"}],"curies":[{"name":"wp","href":"https:\/\/api.w.org\/{rel}","templated":true}]}}