{"id":48255,"date":"2023-12-05T16:45:13","date_gmt":"2023-12-05T22:45:13","guid":{"rendered":"https:\/\/encuentroinformativo.com.mx\/?p=48255"},"modified":"2023-12-05T16:45:19","modified_gmt":"2023-12-05T22:45:19","slug":"proximo-fin-de-semana-habra-desfile-navideno","status":"publish","type":"post","link":"https:\/\/encuentroinformativo.com.mx\/?p=48255","title":{"rendered":"Pr\u00f3ximo fin de semana, habr\u00e1 desfile navide\u00f1o"},"content":{"rendered":"\n<p><strong>Dar\u00edo Pale <\/strong><\/p>\n\n\n\n<p>Xalapa, Ver.- Ser\u00e1 este s\u00e1bado 9 a las 18 horas en las principales calles de Xalapa, cuando se realice la s\u00e9ptima edici\u00f3n del Desfile Navide\u00f1o 2023 en las principales calles de Xalapa, as\u00ed lo dio a conocer el el presidente de la asociaci\u00f3n &#8220;Sumando Voluntades&#8221;, Leonardo Ruiz Moreno.<\/p>\n\n\n\n<p>En conferencia de prensa detall\u00f3 que el desfile navide\u00f1o comenzar\u00e1 en punto de las 18 horas, este pr\u00f3ximo s\u00e1bado 9 de diciembre, y que la salida de los contingentes se har\u00e1 en la avenida Xalape\u00f1os Ilustres.<\/p>\n\n\n\n<p>Asimismo, el recorrido de la caravana incluir\u00e1 las calles Juan de la Luz Enr\u00edquez, Plaza Lerdo, Manuel \u00c1vila Camacho para finalizar en la zona de Los Tecajetes.<\/p>\n\n\n\n<p>Leonardo Ruiz manifest\u00f3 que el cierre de las vialidades iniciar\u00e1 a las 17 horas, pero se dejar\u00e1 un carril para circulaci\u00f3n vial con direcci\u00f3n a 20 de Noviembre-CAXA.\u00a0<\/p>\n\n\n\n<p>Adem\u00e1s, dijo que en esta s\u00e9ptima edici\u00f3n se contar\u00e1 con la participaci\u00f3n de escuelas secundarias de la capital, marching bands, vanguardias, as\u00ed como de los municipios de Perote, Altotonga.\u00a0<\/p>\n\n\n\n<p>Al Desfile Navide\u00f1o se sumaron payasos, personajes animados, bloques de ciudadanos, entre otros.\u00a0<\/p>\n\n\n\n<p>Finalmente, Leonardo Ruiz dio a conocer que ya se cuenta con el registro de alrededor de tres mil personas.<\/p>\n","protected":false},"excerpt":{"rendered":"<p>Dar\u00edo Pale Xalapa, Ver.- Ser\u00e1 este s\u00e1bado 9 a las 18 horas en las principales calles de Xalapa, cuando se realice la s\u00e9ptima edici\u00f3n del Desfile Navide\u00f1o 2023 en las principales calles de Xalapa, as\u00ed lo dio a conocer el el presidente de la asociaci\u00f3n &#8220;Sumando Voluntades&#8221;, Leonardo Ruiz Moreno. En conferencia de prensa detall\u00f3 [&hellip;]<\/p>\n","protected":false},"author":2476,"featured_media":48256,"comment_status":"open","ping_status":"open","sticky":false,"template":"","format":"standard","meta":{"_jetpack_memberships_contains_paid_content":false,"footnotes":""},"categories":[3],"tags":[],"class_list":["post-48255","post","type-post","status-publish","format-standard","has-post-thumbnail","hentry","category-xalapa"],"jetpack_featured_media_url":"https:\/\/encuentroinformativo.com.mx\/wp-content\/uploads\/2023\/12\/IMG-20231205-WA0079.jpg","jetpack_sharing_enabled":true,"jetpack_likes_enabled":true,"amp_enabled":true,"_links":{"self":[{"href":"https:\/\/encuentroinformativo.com.mx\/index.php?rest_route=\/wp\/v2\/posts\/48255","targetHints":{"allow":["GET"]}}],"collection":[{"href":"https:\/\/encuentroinformativo.com.mx\/index.php?rest_route=\/wp\/v2\/posts"}],"about":[{"href":"https:\/\/encuentroinformativo.com.mx\/index.php?rest_route=\/wp\/v2\/types\/post"}],"author":[{"embeddable":true,"href":"https:\/\/encuentroinformativo.com.mx\/index.php?rest_route=\/wp\/v2\/users\/2476"}],"replies":[{"embeddable":true,"href":"https:\/\/encuentroinformativo.com.mx\/index.php?rest_route=%2Fwp%2Fv2%2Fcomments&post=48255"}],"version-history":[{"count":1,"href":"https:\/\/encuentroinformativo.com.mx\/index.php?rest_route=\/wp\/v2\/posts\/48255\/revisions"}],"predecessor-version":[{"id":48257,"href":"https:\/\/encuentroinformativo.com.mx\/index.php?rest_route=\/wp\/v2\/posts\/48255\/revisions\/48257"}],"wp:featuredmedia":[{"embeddable":true,"href":"https:\/\/encuentroinformativo.com.mx\/index.php?rest_route=\/wp\/v2\/media\/48256"}],"wp:attachment":[{"href":"https:\/\/encuentroinformativo.com.mx\/index.php?rest_route=%2Fwp%2Fv2%2Fmedia&parent=48255"}],"wp:term":[{"taxonomy":"category","embeddable":true,"href":"https:\/\/encuentroinformativo.com.mx\/index.php?rest_route=%2Fwp%2Fv2%2Fcategories&post=48255"},{"taxonomy":"post_tag","embeddable":true,"href":"https:\/\/encuentroinformativo.com.mx\/index.php?rest_route=%2Fwp%2Fv2%2Ftags&post=48255"}],"curies":[{"name":"wp","href":"https:\/\/api.w.org\/{rel}","templated":true}]}}