{"id":48258,"date":"2023-12-05T16:51:10","date_gmt":"2023-12-05T22:51:10","guid":{"rendered":"https:\/\/encuentroinformativo.com.mx\/?p=48258"},"modified":"2023-12-05T16:51:15","modified_gmt":"2023-12-05T22:51:15","slug":"no-se-debe-creer-en-narcoseries-senala-hijo-de-pablo-escobar","status":"publish","type":"post","link":"https:\/\/encuentroinformativo.com.mx\/?p=48258","title":{"rendered":"No se debe creer en narcoseries, se\u00f1ala hijo de Pablo Escobar"},"content":{"rendered":"\n<p><strong>Alejandro \u00c1vila<\/strong><\/p>\n\n\n\n<p>Veracruz, Ver.- Juan Pablo Escobar, qui\u00e9n ahora se hace llamar Juan Sebasti\u00e1n Marroqu\u00edn, es el hijo del capo de la droga colombiana, Pablo Escobar; durante su visita al Puerto de Veracruz para dar una conferencia en una universidad pidi\u00f3 a los j\u00f3venes y a la sociedad en general no creer en el glamour que se presente en las narcoseries.<\/p>\n\n\n\n<p>&#8220;Que los j\u00f3venes se den cuenta de que lo que est\u00e1n viendo en las series de televisi\u00f3n, ese glamour que le han agregado a personajes como mi padre pues no contribuye en absoluto a generar verdad ni conciencia, al contrario, contribuye a generar un mont\u00f3n de j\u00f3venes dispuestos a repetir la historia de mi padre creyendo que el camino al \u00e9xito es a trav\u00e9s de la criminalidad&#8221;, puntualiz\u00f3.<\/p>\n\n\n\n<p>El arquitecto Marroqu\u00edn, dijo que no recibe regal\u00edas por el uso del nombre de su padre en estas series documentales; pero expres\u00f3 que existe un problema mayor con estas historias que se llevan a la pantalla chica, y es que a pesar del \u00e9xito comercial muestran una cara totalmente distinta a la realidad.<\/p>\n\n\n\n<p>&#8220;Claro, lo ven (el caso de Pablo Escobar) como un caso de \u00e9xito, as\u00ed a veces lo han pintado como el m\u00e1s rico, en m\u00e1s poderoso y dem\u00e1s, cuando en realidad no lo fue, fue rico y poderoso pero no le dur\u00f3 nada, no tuvo la verdadera oportunidad de disfrutar su fortuna (\u2026) En absoluto, yo no me beneficio en absolutos de las series o pel\u00edculas sobre \u00e9l, solo de mis libros&#8221;, subray\u00f3.<\/p>\n\n\n\n<p>El hijo de Pablo Escobar consider\u00f3 necesario que los medios de comunicaci\u00f3n tambi\u00e9n sepan c\u00f3mo manejar la informaci\u00f3n cuando hablen sobre su padre porque en muchas ocasiones se incurre en la apolog\u00eda del delito sin tomar en cuenta el impacto que tendr\u00e1 entre la sociedad.<\/p>\n\n\n\n<p>Finalmente, entrevista previo a dar una conferencia en la universidad Las Am\u00e9ricas del Puerto de Veracruz, dijo que desde hace a\u00f1os que se desempe\u00f1a como conferencista, su principal trabajo ha sido promover la paz, la prevenci\u00f3n de delito y evitar que los j\u00f3venes traten de emular la historia del l\u00edder del Cartel de Medell\u00edn &#8220;Pablo Escobar, una historia para no repetir&#8221;, sentenci\u00f3.<\/p>\n","protected":false},"excerpt":{"rendered":"<p>Alejandro \u00c1vila Veracruz, Ver.- Juan Pablo Escobar, qui\u00e9n ahora se hace llamar Juan Sebasti\u00e1n Marroqu\u00edn, es el hijo del capo de la droga colombiana, Pablo Escobar; durante su visita al Puerto de Veracruz para dar una conferencia en una universidad pidi\u00f3 a los j\u00f3venes y a la sociedad en general no creer en el glamour [&hellip;]<\/p>\n","protected":false},"author":2476,"featured_media":48259,"comment_status":"open","ping_status":"open","sticky":false,"template":"","format":"standard","meta":{"_jetpack_memberships_contains_paid_content":false,"footnotes":""},"categories":[2],"tags":[],"class_list":["post-48258","post","type-post","status-publish","format-standard","has-post-thumbnail","hentry","category-estado"],"jetpack_featured_media_url":"https:\/\/encuentroinformativo.com.mx\/wp-content\/uploads\/2023\/12\/IMG-20231205-WA00592.jpg","jetpack_sharing_enabled":true,"jetpack_likes_enabled":true,"amp_enabled":true,"_links":{"self":[{"href":"https:\/\/encuentroinformativo.com.mx\/index.php?rest_route=\/wp\/v2\/posts\/48258","targetHints":{"allow":["GET"]}}],"collection":[{"href":"https:\/\/encuentroinformativo.com.mx\/index.php?rest_route=\/wp\/v2\/posts"}],"about":[{"href":"https:\/\/encuentroinformativo.com.mx\/index.php?rest_route=\/wp\/v2\/types\/post"}],"author":[{"embeddable":true,"href":"https:\/\/encuentroinformativo.com.mx\/index.php?rest_route=\/wp\/v2\/users\/2476"}],"replies":[{"embeddable":true,"href":"https:\/\/encuentroinformativo.com.mx\/index.php?rest_route=%2Fwp%2Fv2%2Fcomments&post=48258"}],"version-history":[{"count":1,"href":"https:\/\/encuentroinformativo.com.mx\/index.php?rest_route=\/wp\/v2\/posts\/48258\/revisions"}],"predecessor-version":[{"id":48260,"href":"https:\/\/encuentroinformativo.com.mx\/index.php?rest_route=\/wp\/v2\/posts\/48258\/revisions\/48260"}],"wp:featuredmedia":[{"embeddable":true,"href":"https:\/\/encuentroinformativo.com.mx\/index.php?rest_route=\/wp\/v2\/media\/48259"}],"wp:attachment":[{"href":"https:\/\/encuentroinformativo.com.mx\/index.php?rest_route=%2Fwp%2Fv2%2Fmedia&parent=48258"}],"wp:term":[{"taxonomy":"category","embeddable":true,"href":"https:\/\/encuentroinformativo.com.mx\/index.php?rest_route=%2Fwp%2Fv2%2Fcategories&post=48258"},{"taxonomy":"post_tag","embeddable":true,"href":"https:\/\/encuentroinformativo.com.mx\/index.php?rest_route=%2Fwp%2Fv2%2Ftags&post=48258"}],"curies":[{"name":"wp","href":"https:\/\/api.w.org\/{rel}","templated":true}]}}