{"id":48278,"date":"2023-12-06T11:16:20","date_gmt":"2023-12-06T17:16:20","guid":{"rendered":"https:\/\/encuentroinformativo.com.mx\/?p=48278"},"modified":"2023-12-06T11:17:24","modified_gmt":"2023-12-06T17:17:24","slug":"por-frente-frio-se-suspende-caravana-coca-cola-en-xalapa","status":"publish","type":"post","link":"https:\/\/encuentroinformativo.com.mx\/?p=48278","title":{"rendered":"Por frente fr\u00edo, se suspende caravana Coca-Cola en Xalapa"},"content":{"rendered":"\n<p><strong>Dar\u00edo Pale <\/strong><\/p>\n\n\n\n<p>Xalapa, Ver.- Se suspende la Caravana Navide\u00f1a la cual se realizar\u00eda el d\u00eda de hoy debido al frente fr\u00edo, pero no se descarta la posibilidad de que se pueda realizar el pr\u00f3ximo 19 de diciembre, as\u00ed lo dio a conocer el presidente municipal, Ricardo Ahued Bardahuil.<\/p>\n\n\n\n<p>En conferencia de prensa el alcalde hizo oficial la suspensi\u00f3n de la &#8220;Caravana Coca-Cola&#8221; que se llevar\u00eda a cabo la tarde de este mi\u00e9rcoles 6 de diciembre.<\/p>\n\n\n\n<p>El anuncio del evento caus\u00f3 gran expectaci\u00f3n entre la poblaci\u00f3n xalape\u00f1a, misma que fue advertida por los cortes de circulaci\u00f3n que se realizar\u00edan en las principales calles de la ciudad.<\/p>\n\n\n\n<p>Sin embargo, el alcalde y representantes de Coca-Cola FEMSA detallaron que la suspensi\u00f3n del evento obedece al mal tiempo.<\/p>\n\n\n\n<p>\u201cHay un Frente Fr\u00edo y se decidi\u00f3 suspender la caravana el d\u00eda de hoy, que ser\u00eda en la tarde-noche, porque puede estar sujeta a un riesgo de lluvia pertinaz y pone en riesgo la caravana\u201d, explic\u00f3.<\/p>\n\n\n\n<p>El edil afirm\u00f3 que las condiciones adversas tambi\u00e9n ponen en riesgo a los infantes y a los artistas que vienen caminando con equipo electr\u00f3nico.<\/p>\n\n\n\n<p>Y descart\u00f3 que la suspensi\u00f3n est\u00e9 relacionada con las cr\u00edticas de los ciudadanos inconformes por el caos vehicular, derivado de las obras que se realizan de forma simult\u00e1nea.<\/p>\n\n\n\n<p>Ricardo Ahued y el equipo de Coca-Cola FEMSA indicaron que si las condiciones meteorol\u00f3gicas lo permiten, la &#8220;Caravana Coca-Cola&#8221; podr\u00eda llevarse a cabo el martes 19 de diciembre.<\/p>\n\n\n\n<p>Aunque reconocieron que no hay certeza de que el evento tan esperado pueda realizarse, pues todo depender\u00e1 de las condiciones del tiempo que imperen en esas fechas.<\/p>\n","protected":false},"excerpt":{"rendered":"<p>Dar\u00edo Pale Xalapa, Ver.- Se suspende la Caravana Navide\u00f1a la cual se realizar\u00eda el d\u00eda de hoy debido al frente fr\u00edo, pero no se descarta la posibilidad de que se pueda realizar el pr\u00f3ximo 19 de diciembre, as\u00ed lo dio a conocer el presidente municipal, Ricardo Ahued Bardahuil. En conferencia de prensa el alcalde hizo [&hellip;]<\/p>\n","protected":false},"author":2476,"featured_media":48281,"comment_status":"open","ping_status":"open","sticky":false,"template":"","format":"standard","meta":{"_jetpack_memberships_contains_paid_content":false,"footnotes":""},"categories":[3],"tags":[],"class_list":["post-48278","post","type-post","status-publish","format-standard","has-post-thumbnail","hentry","category-xalapa"],"jetpack_featured_media_url":"https:\/\/encuentroinformativo.com.mx\/wp-content\/uploads\/2023\/12\/IMG-20231206-WA00162.jpg","jetpack_sharing_enabled":true,"jetpack_likes_enabled":true,"amp_enabled":true,"_links":{"self":[{"href":"https:\/\/encuentroinformativo.com.mx\/index.php?rest_route=\/wp\/v2\/posts\/48278","targetHints":{"allow":["GET"]}}],"collection":[{"href":"https:\/\/encuentroinformativo.com.mx\/index.php?rest_route=\/wp\/v2\/posts"}],"about":[{"href":"https:\/\/encuentroinformativo.com.mx\/index.php?rest_route=\/wp\/v2\/types\/post"}],"author":[{"embeddable":true,"href":"https:\/\/encuentroinformativo.com.mx\/index.php?rest_route=\/wp\/v2\/users\/2476"}],"replies":[{"embeddable":true,"href":"https:\/\/encuentroinformativo.com.mx\/index.php?rest_route=%2Fwp%2Fv2%2Fcomments&post=48278"}],"version-history":[{"count":1,"href":"https:\/\/encuentroinformativo.com.mx\/index.php?rest_route=\/wp\/v2\/posts\/48278\/revisions"}],"predecessor-version":[{"id":48280,"href":"https:\/\/encuentroinformativo.com.mx\/index.php?rest_route=\/wp\/v2\/posts\/48278\/revisions\/48280"}],"wp:featuredmedia":[{"embeddable":true,"href":"https:\/\/encuentroinformativo.com.mx\/index.php?rest_route=\/wp\/v2\/media\/48281"}],"wp:attachment":[{"href":"https:\/\/encuentroinformativo.com.mx\/index.php?rest_route=%2Fwp%2Fv2%2Fmedia&parent=48278"}],"wp:term":[{"taxonomy":"category","embeddable":true,"href":"https:\/\/encuentroinformativo.com.mx\/index.php?rest_route=%2Fwp%2Fv2%2Fcategories&post=48278"},{"taxonomy":"post_tag","embeddable":true,"href":"https:\/\/encuentroinformativo.com.mx\/index.php?rest_route=%2Fwp%2Fv2%2Ftags&post=48278"}],"curies":[{"name":"wp","href":"https:\/\/api.w.org\/{rel}","templated":true}]}}