{"id":48282,"date":"2023-12-06T13:29:58","date_gmt":"2023-12-06T19:29:58","guid":{"rendered":"https:\/\/encuentroinformativo.com.mx\/?p=48282"},"modified":"2023-12-06T13:30:03","modified_gmt":"2023-12-06T19:30:03","slug":"buscara-exdelegado-de-sct-diputacion-local","status":"publish","type":"post","link":"https:\/\/encuentroinformativo.com.mx\/?p=48282","title":{"rendered":"Buscar\u00e1 exdelegado de SCT diputaci\u00f3n local"},"content":{"rendered":"\n<p><strong>Alejandro \u00c1vila<\/strong><\/p>\n\n\n\n<p>Veracruz, Ver.- El partido Morena no est\u00e1 etiquetado para cierta clase de personas, asegur\u00f3 el empresario, Ram\u00f3n \u00c1lvarez Font\u00e1n, quien recientemente se acaba de inscribir como como aspirante a la diputaci\u00f3n local Distrito 14.<\/p>\n\n\n\n<p>El ex delegado del Secretar\u00eda de Comunicaciones y Transporte (SCT), aclar\u00f3 que cualquier militante y\/o aspirante a un carpo p\u00fablico debe tener como prioridad el servicio a la ciudadan\u00eda.<\/p>\n\n\n\n<p>&#8220;Morena es un movimiento, y el punto de despegue es ver por los m\u00e1s necesitados, tambi\u00e9n hay mucho de que si eres moreno de abolengo o si eres moreno de los que empezaron pintando bardas. Yo te quiero decir que yo me siento obradorista totalmente, tuve la fortuna de trabajar en el Gobierno Federal, tuve la fortuna de tener varias reuniones con el presidente y yo me declaro obradorista, creo que siendo empresario o no siendo empresario, si alguien quiere contribuir con un granito de arena para el bienestar de M\u00e9xico y que siga la Cuarta Transformaci\u00f3n, pues es bienvenido. Puede ayudar el tema de que sea yo empresario en el tema empresarial, en el tema pol\u00edtico, en funci\u00f3n p\u00fablica, yo les quiero decir que tengo muchas inquietudes, muchas ganas de participar y seguir viendo por los veracruzanos&#8221;, subray\u00f3.<\/p>\n\n\n\n<p>El empresario expuso que su trabajo a ras de tierra en Veracruz le hizo tomar la decisi\u00f3n de aspirar a la curul por el distrito 14; ya que asegur\u00f3 las colonias y localidades rurales a las que representar\u00eda, necesitan de un gestor que los ayude a concretar beneficios para todas las necesidades que tienen.<\/p>\n\n\n\n<p>&#8220;Yo nac\u00ed en Veracruz, y el Distrito 14 a m\u00ed me gusta mucho por la dificultad qu\u00e9 tiene el Distrito 14, muchas veces dicen que el 14 est\u00e1 f\u00e1cil, no s\u00e9 por qu\u00e9 digan que est\u00e1 f\u00e1cil, realmente es un Distrito que tiene muchas necesidades. Como ustedes saben yo tuve la fortuna de participar como director de la SCT en el estado, funcionario p\u00fablico federal, y hace 7 meses tom\u00e9 la decisi\u00f3n de salir a recorrer las calles, las colonias y me he percatado las necesidades que tienen. El 14 no es nada f\u00e1cil, al contrario, es sumamente complejo, donde estamos hablando de Infonavit&#8217;s, de la laguna de Lagartos, de Villar\u00edn, de Vargas, son zonas con muchas necesidades, donde es parte de que nosotros como diputados tenemos que hacer las gestor\u00edas y estar presente, un diputado es pr\u00e1cticamente la voz del pueblo&#8221;, sentenci\u00f3.<\/p>\n\n\n\n<p>Ram\u00f3n \u00c1lvarez Font\u00e1n se dijo totalmente capacitado para enfrentar este nuevo reto, y lograr beneficios para los que pudieran ser sus representados.<\/p>\n","protected":false},"excerpt":{"rendered":"<p>Alejandro \u00c1vila Veracruz, Ver.- El partido Morena no est\u00e1 etiquetado para cierta clase de personas, asegur\u00f3 el empresario, Ram\u00f3n \u00c1lvarez Font\u00e1n, quien recientemente se acaba de inscribir como como aspirante a la diputaci\u00f3n local Distrito 14. El ex delegado del Secretar\u00eda de Comunicaciones y Transporte (SCT), aclar\u00f3 que cualquier militante y\/o aspirante a un carpo [&hellip;]<\/p>\n","protected":false},"author":2476,"featured_media":48283,"comment_status":"open","ping_status":"open","sticky":false,"template":"","format":"standard","meta":{"_jetpack_memberships_contains_paid_content":false,"footnotes":""},"categories":[2],"tags":[],"class_list":["post-48282","post","type-post","status-publish","format-standard","has-post-thumbnail","hentry","category-estado"],"jetpack_featured_media_url":"https:\/\/encuentroinformativo.com.mx\/wp-content\/uploads\/2023\/12\/IMG-20231206-WA00412.jpg","jetpack_sharing_enabled":true,"jetpack_likes_enabled":true,"amp_enabled":true,"_links":{"self":[{"href":"https:\/\/encuentroinformativo.com.mx\/index.php?rest_route=\/wp\/v2\/posts\/48282","targetHints":{"allow":["GET"]}}],"collection":[{"href":"https:\/\/encuentroinformativo.com.mx\/index.php?rest_route=\/wp\/v2\/posts"}],"about":[{"href":"https:\/\/encuentroinformativo.com.mx\/index.php?rest_route=\/wp\/v2\/types\/post"}],"author":[{"embeddable":true,"href":"https:\/\/encuentroinformativo.com.mx\/index.php?rest_route=\/wp\/v2\/users\/2476"}],"replies":[{"embeddable":true,"href":"https:\/\/encuentroinformativo.com.mx\/index.php?rest_route=%2Fwp%2Fv2%2Fcomments&post=48282"}],"version-history":[{"count":1,"href":"https:\/\/encuentroinformativo.com.mx\/index.php?rest_route=\/wp\/v2\/posts\/48282\/revisions"}],"predecessor-version":[{"id":48284,"href":"https:\/\/encuentroinformativo.com.mx\/index.php?rest_route=\/wp\/v2\/posts\/48282\/revisions\/48284"}],"wp:featuredmedia":[{"embeddable":true,"href":"https:\/\/encuentroinformativo.com.mx\/index.php?rest_route=\/wp\/v2\/media\/48283"}],"wp:attachment":[{"href":"https:\/\/encuentroinformativo.com.mx\/index.php?rest_route=%2Fwp%2Fv2%2Fmedia&parent=48282"}],"wp:term":[{"taxonomy":"category","embeddable":true,"href":"https:\/\/encuentroinformativo.com.mx\/index.php?rest_route=%2Fwp%2Fv2%2Fcategories&post=48282"},{"taxonomy":"post_tag","embeddable":true,"href":"https:\/\/encuentroinformativo.com.mx\/index.php?rest_route=%2Fwp%2Fv2%2Ftags&post=48282"}],"curies":[{"name":"wp","href":"https:\/\/api.w.org\/{rel}","templated":true}]}}