{"id":48292,"date":"2023-12-06T14:10:56","date_gmt":"2023-12-06T20:10:56","guid":{"rendered":"https:\/\/encuentroinformativo.com.mx\/?p=48292"},"modified":"2023-12-06T14:11:01","modified_gmt":"2023-12-06T20:11:01","slug":"dragado-de-laguna-de-alvarado-beneficiara-a-10-mil-pescadores","status":"publish","type":"post","link":"https:\/\/encuentroinformativo.com.mx\/?p=48292","title":{"rendered":"Dragado de laguna de Alvarado beneficiar\u00e1 a 10 mil pescadores"},"content":{"rendered":"\n<p><strong>Alejandro \u00c1vila<\/strong><\/p>\n\n\n\n<p>Veracruz, Ver.- La alcaldesa de Alvarado, Lizzette \u00c1lvarez Vera, inform\u00f3 que conjunto con la Secretaria de Marina se encuentran realizando el dragado de la laguna de Camaronera, con lo cual se beneficiar\u00e1 a 10 mil pescadores.<\/p>\n\n\n\n<p>La edil puntualiz\u00f3 que en este trabajo se encuentran abriendo el canal de navegaci\u00f3n entra el mar y la laguna, y as\u00ed beneficiar a la reproducci\u00f3n de especies y el enriquecimiento de la fauna en Camaronera.<\/p>\n\n\n\n<p>&#8220;Es una obra sumamente importante para nuestro municipio ya que la econom\u00eda principal es la pesca (\u2026) en este dragado del canal, este canal se fue en ensolvando con el tiempo, consta de dos tubos de dos y medio metros de di\u00e1metro, estos tubos se fueron en ensolvando hasta taparse por completo y cortar la comunicaci\u00f3n que existe entre la laguna de Camaronera y el mar. Sobre estos tubos navegaban anteriormente lanchas que atravesaban del r\u00edo al mar, lleg\u00f3 el momento en que estaba completamente tapado y no se pod\u00eda pasar&#8221;, explic\u00f3.<\/p>\n\n\n\n<p>Lizzette \u00c1lvarez mencion\u00f3 que los trabajos contin\u00faan, hasta el momento se tiene un avance del 60 por ciento, y se espera que para principios del 2024 la obra quede totalmente concluida para el beneficio de la actividad pesquera en el municipio de Alvarado.<\/p>\n","protected":false},"excerpt":{"rendered":"<p>Alejandro \u00c1vila Veracruz, Ver.- La alcaldesa de Alvarado, Lizzette \u00c1lvarez Vera, inform\u00f3 que conjunto con la Secretaria de Marina se encuentran realizando el dragado de la laguna de Camaronera, con lo cual se beneficiar\u00e1 a 10 mil pescadores. La edil puntualiz\u00f3 que en este trabajo se encuentran abriendo el canal de navegaci\u00f3n entra el mar [&hellip;]<\/p>\n","protected":false},"author":2476,"featured_media":48293,"comment_status":"open","ping_status":"open","sticky":false,"template":"","format":"standard","meta":{"_jetpack_memberships_contains_paid_content":false,"footnotes":""},"categories":[2],"tags":[],"class_list":["post-48292","post","type-post","status-publish","format-standard","has-post-thumbnail","hentry","category-estado"],"jetpack_featured_media_url":"https:\/\/encuentroinformativo.com.mx\/wp-content\/uploads\/2023\/12\/IMG-20231206-WA00572.jpg","jetpack_sharing_enabled":true,"jetpack_likes_enabled":true,"amp_enabled":true,"_links":{"self":[{"href":"https:\/\/encuentroinformativo.com.mx\/index.php?rest_route=\/wp\/v2\/posts\/48292","targetHints":{"allow":["GET"]}}],"collection":[{"href":"https:\/\/encuentroinformativo.com.mx\/index.php?rest_route=\/wp\/v2\/posts"}],"about":[{"href":"https:\/\/encuentroinformativo.com.mx\/index.php?rest_route=\/wp\/v2\/types\/post"}],"author":[{"embeddable":true,"href":"https:\/\/encuentroinformativo.com.mx\/index.php?rest_route=\/wp\/v2\/users\/2476"}],"replies":[{"embeddable":true,"href":"https:\/\/encuentroinformativo.com.mx\/index.php?rest_route=%2Fwp%2Fv2%2Fcomments&post=48292"}],"version-history":[{"count":1,"href":"https:\/\/encuentroinformativo.com.mx\/index.php?rest_route=\/wp\/v2\/posts\/48292\/revisions"}],"predecessor-version":[{"id":48294,"href":"https:\/\/encuentroinformativo.com.mx\/index.php?rest_route=\/wp\/v2\/posts\/48292\/revisions\/48294"}],"wp:featuredmedia":[{"embeddable":true,"href":"https:\/\/encuentroinformativo.com.mx\/index.php?rest_route=\/wp\/v2\/media\/48293"}],"wp:attachment":[{"href":"https:\/\/encuentroinformativo.com.mx\/index.php?rest_route=%2Fwp%2Fv2%2Fmedia&parent=48292"}],"wp:term":[{"taxonomy":"category","embeddable":true,"href":"https:\/\/encuentroinformativo.com.mx\/index.php?rest_route=%2Fwp%2Fv2%2Fcategories&post=48292"},{"taxonomy":"post_tag","embeddable":true,"href":"https:\/\/encuentroinformativo.com.mx\/index.php?rest_route=%2Fwp%2Fv2%2Ftags&post=48292"}],"curies":[{"name":"wp","href":"https:\/\/api.w.org\/{rel}","templated":true}]}}