{"id":48306,"date":"2023-12-07T13:34:08","date_gmt":"2023-12-07T19:34:08","guid":{"rendered":"https:\/\/encuentroinformativo.com.mx\/?p=48306"},"modified":"2023-12-07T13:34:12","modified_gmt":"2023-12-07T19:34:12","slug":"ante-promesa-de-pago-suspenden-jubilados-protestas-en-xalapa","status":"publish","type":"post","link":"https:\/\/encuentroinformativo.com.mx\/?p=48306","title":{"rendered":"Ante promesa de pago, suspenden jubilados protestas en Xalapa"},"content":{"rendered":"\n<p><strong>Juan Arcos <\/strong><\/p>\n\n\n\n<p>Xalapa, Ver.- Autoridades educativas se comprometieron a atender las demandas de los integrantes de la Agrupaci\u00f3n Estatal de Jubilados y Pensionados del ISSSTE (Ajupiv) y, por ello, fueron suspendidas las protestas y bloqueos de cada jueves en el centro de Xalapa.<\/p>\n\n\n\n<p>Los adultos mayores convocaron a rueda de prensa para dar a conocer que el nuevo titular de la Secretar\u00eda de Educaci\u00f3n de Veracruz (SEV), Emmanuel Barrientos Vargas, les inform\u00f3 que ser\u00e1 recontratada la aseguradora para recuperar la vigencia del seguro institucional.<\/p>\n\n\n\n<p>Se habla de que ser\u00eda firmado el contrato con la empresa GNP que se ha encargado de los seguros de vida de todos los trabajadores activos y jubilados de la SEV.<\/p>\n\n\n\n<p>De acuerdo con Georgina Mart\u00ednez Mar\u00edn, secretaria de Finanzas de la Ajupiv, se espera que la Secretar\u00eda de Educaci\u00f3n cumpla los acuerdos correspondientes.<\/p>\n\n\n\n<p>\u201cEs nuestro inter\u00e9s informar a la opini\u00f3n p\u00fablica que de este compromiso asumido por la SEV y en correspondencia la decisi\u00f3n de Ajupiv de suspender nuestros tradicionales plantones de los jueves, asumiendo que esta Secretar\u00eda honrar\u00e1 el compromiso con nuestra asociaci\u00f3n que es ya del dominio p\u00fablico\u201d, refiri\u00f3.<\/p>\n\n\n\n<p>En caso de que no haya una respuesta favorable por parte de las autoridades educativas, los jubilados y pensionados retomar\u00e1n las protestas y los plantones sobre la calle Juan de la Luz Enr\u00edquez, en el centro de la capital del estado.<\/p>\n\n\n\n<p>El titular de la SEV se comprometi\u00f3 a que a partir del 15 de diciembre de este 2023 se realizar\u00eda el contrato con la aseguradora, seg\u00fan les inform\u00f3 la oficial mayor de la SEV, Ariadna Selene Aguilar Amaya.<\/p>\n\n\n\n<p>\u201cSomos 220 maestros jubilados. Tenemos 10 a\u00f1os de estar integrados como asociaci\u00f3n por la defensa de nuestros derechos. Desde el 1 de noviembre de 2021 cumplimos dos a\u00f1os sin seguro institucional\u201d.<\/p>\n\n\n\n<p>En la \u00faltima etapa de protestas hubo 13 plantones cada jueves frente a Palacio de Gobierno sobre la calle Juan de la Luz Enr\u00edquez.<\/p>\n","protected":false},"excerpt":{"rendered":"<p>Juan Arcos Xalapa, Ver.- Autoridades educativas se comprometieron a atender las demandas de los integrantes de la Agrupaci\u00f3n Estatal de Jubilados y Pensionados del ISSSTE (Ajupiv) y, por ello, fueron suspendidas las protestas y bloqueos de cada jueves en el centro de Xalapa. Los adultos mayores convocaron a rueda de prensa para dar a conocer [&hellip;]<\/p>\n","protected":false},"author":2476,"featured_media":48307,"comment_status":"open","ping_status":"open","sticky":false,"template":"","format":"standard","meta":{"_jetpack_memberships_contains_paid_content":false,"footnotes":""},"categories":[3],"tags":[],"class_list":["post-48306","post","type-post","status-publish","format-standard","has-post-thumbnail","hentry","category-xalapa"],"jetpack_featured_media_url":"https:\/\/encuentroinformativo.com.mx\/wp-content\/uploads\/2023\/12\/IMG_0533.jpg","jetpack_sharing_enabled":true,"jetpack_likes_enabled":true,"amp_enabled":true,"_links":{"self":[{"href":"https:\/\/encuentroinformativo.com.mx\/index.php?rest_route=\/wp\/v2\/posts\/48306","targetHints":{"allow":["GET"]}}],"collection":[{"href":"https:\/\/encuentroinformativo.com.mx\/index.php?rest_route=\/wp\/v2\/posts"}],"about":[{"href":"https:\/\/encuentroinformativo.com.mx\/index.php?rest_route=\/wp\/v2\/types\/post"}],"author":[{"embeddable":true,"href":"https:\/\/encuentroinformativo.com.mx\/index.php?rest_route=\/wp\/v2\/users\/2476"}],"replies":[{"embeddable":true,"href":"https:\/\/encuentroinformativo.com.mx\/index.php?rest_route=%2Fwp%2Fv2%2Fcomments&post=48306"}],"version-history":[{"count":1,"href":"https:\/\/encuentroinformativo.com.mx\/index.php?rest_route=\/wp\/v2\/posts\/48306\/revisions"}],"predecessor-version":[{"id":48308,"href":"https:\/\/encuentroinformativo.com.mx\/index.php?rest_route=\/wp\/v2\/posts\/48306\/revisions\/48308"}],"wp:featuredmedia":[{"embeddable":true,"href":"https:\/\/encuentroinformativo.com.mx\/index.php?rest_route=\/wp\/v2\/media\/48307"}],"wp:attachment":[{"href":"https:\/\/encuentroinformativo.com.mx\/index.php?rest_route=%2Fwp%2Fv2%2Fmedia&parent=48306"}],"wp:term":[{"taxonomy":"category","embeddable":true,"href":"https:\/\/encuentroinformativo.com.mx\/index.php?rest_route=%2Fwp%2Fv2%2Fcategories&post=48306"},{"taxonomy":"post_tag","embeddable":true,"href":"https:\/\/encuentroinformativo.com.mx\/index.php?rest_route=%2Fwp%2Fv2%2Ftags&post=48306"}],"curies":[{"name":"wp","href":"https:\/\/api.w.org\/{rel}","templated":true}]}}