{"id":48312,"date":"2023-12-07T13:55:06","date_gmt":"2023-12-07T19:55:06","guid":{"rendered":"https:\/\/encuentroinformativo.com.mx\/?p=48312"},"modified":"2023-12-07T13:55:10","modified_gmt":"2023-12-07T19:55:10","slug":"reportan-hoteleros-baja-ocupacion-decembrina-en-veracruz","status":"publish","type":"post","link":"https:\/\/encuentroinformativo.com.mx\/?p=48312","title":{"rendered":"Reportan hoteleros baja ocupaci\u00f3n decembrina en Veracruz"},"content":{"rendered":"\n<p><strong>Alejandro \u00c1vila<\/strong><\/p>\n\n\n\n<p>Veracruz, Ver.- La temporada decembrina ha tenido un m\u00ednimo porcentaje de reservaci\u00f3n para las \u00faltimas dos semanas del a\u00f1o, inform\u00f3 el presidente del Consejo Metropolitano de Turismo (COMETUR), Sergio Lois Heredia.<\/p>\n\n\n\n<p>El empresario hotelero aclar\u00f3 que las reservas est\u00e1n hechas para los \u00faltimos 4 d\u00edas del a\u00f1o, donde se estima varios comercios tengan llenos totales; sin embargo, los 11 d\u00edas restantes que abarcan esta temporada alta, no hay reservaciones conforme a lo esperado.<\/p>\n\n\n\n<p>&#8220;Los dem\u00e1s a\u00f1os, los \u00faltimos d\u00edas del a\u00f1o se tiene bastante afluencia tur\u00edstica, pero estrictamente hablando la temporada alta abarca dos semanas, y el resto de los d\u00edas fuera de esos 4 d\u00edas, s\u00ed se est\u00e1 viendo muy lento el movimiento de reservaciones, de \u00faltimo momento esperemos que se pueda decir que cerramos de una buena forma, que superamos la expectativa y que superamos el porcentaje de ocupaci\u00f3n del a\u00f1o pasado, pero yo creo ya lo que estoy viendo, es que si bien nos va estaremos igualando el a\u00f1o pasado, no creo que estemos rebas\u00e1ndolo&#8221;, declar\u00f3.<\/p>\n\n\n\n<p>Veracruz como muchos otros estados pronosticaron aumento en sus visitas, tras el paso del hurac\u00e1n Otis en Acapulco; pero los n\u00fameros no han sido los esperados, ya que al parecer los viajeros optaron a \u00faltima hora por cambiar sus destinos o simplemente cancelar sus traslados.<\/p>\n\n\n\n<p>&#8220;Se ten\u00eda el expectativa que quiz\u00e1s para este mes de diciembre con lo que sucedi\u00f3 en Acapulco, se pudiese ver una mayor afluencia tur\u00edstica en todo lo que es la temporada alta, sin embargo ahora, al parecer no est\u00e1 influyendo de esa manera que se pensaba que pod\u00eda pasar&#8221;, remat\u00f3.<\/p>\n","protected":false},"excerpt":{"rendered":"<p>Alejandro \u00c1vila Veracruz, Ver.- La temporada decembrina ha tenido un m\u00ednimo porcentaje de reservaci\u00f3n para las \u00faltimas dos semanas del a\u00f1o, inform\u00f3 el presidente del Consejo Metropolitano de Turismo (COMETUR), Sergio Lois Heredia. El empresario hotelero aclar\u00f3 que las reservas est\u00e1n hechas para los \u00faltimos 4 d\u00edas del a\u00f1o, donde se estima varios comercios tengan [&hellip;]<\/p>\n","protected":false},"author":2476,"featured_media":48313,"comment_status":"open","ping_status":"open","sticky":false,"template":"","format":"standard","meta":{"_jetpack_memberships_contains_paid_content":false,"footnotes":""},"categories":[2],"tags":[],"class_list":["post-48312","post","type-post","status-publish","format-standard","has-post-thumbnail","hentry","category-estado"],"jetpack_featured_media_url":"https:\/\/encuentroinformativo.com.mx\/wp-content\/uploads\/2023\/12\/IMG-20231207-WA0014.jpg","jetpack_sharing_enabled":true,"jetpack_likes_enabled":true,"amp_enabled":true,"_links":{"self":[{"href":"https:\/\/encuentroinformativo.com.mx\/index.php?rest_route=\/wp\/v2\/posts\/48312","targetHints":{"allow":["GET"]}}],"collection":[{"href":"https:\/\/encuentroinformativo.com.mx\/index.php?rest_route=\/wp\/v2\/posts"}],"about":[{"href":"https:\/\/encuentroinformativo.com.mx\/index.php?rest_route=\/wp\/v2\/types\/post"}],"author":[{"embeddable":true,"href":"https:\/\/encuentroinformativo.com.mx\/index.php?rest_route=\/wp\/v2\/users\/2476"}],"replies":[{"embeddable":true,"href":"https:\/\/encuentroinformativo.com.mx\/index.php?rest_route=%2Fwp%2Fv2%2Fcomments&post=48312"}],"version-history":[{"count":1,"href":"https:\/\/encuentroinformativo.com.mx\/index.php?rest_route=\/wp\/v2\/posts\/48312\/revisions"}],"predecessor-version":[{"id":48314,"href":"https:\/\/encuentroinformativo.com.mx\/index.php?rest_route=\/wp\/v2\/posts\/48312\/revisions\/48314"}],"wp:featuredmedia":[{"embeddable":true,"href":"https:\/\/encuentroinformativo.com.mx\/index.php?rest_route=\/wp\/v2\/media\/48313"}],"wp:attachment":[{"href":"https:\/\/encuentroinformativo.com.mx\/index.php?rest_route=%2Fwp%2Fv2%2Fmedia&parent=48312"}],"wp:term":[{"taxonomy":"category","embeddable":true,"href":"https:\/\/encuentroinformativo.com.mx\/index.php?rest_route=%2Fwp%2Fv2%2Fcategories&post=48312"},{"taxonomy":"post_tag","embeddable":true,"href":"https:\/\/encuentroinformativo.com.mx\/index.php?rest_route=%2Fwp%2Fv2%2Ftags&post=48312"}],"curies":[{"name":"wp","href":"https:\/\/api.w.org\/{rel}","templated":true}]}}