{"id":48315,"date":"2023-12-07T13:58:53","date_gmt":"2023-12-07T19:58:53","guid":{"rendered":"https:\/\/encuentroinformativo.com.mx\/?p=48315"},"modified":"2023-12-07T13:58:59","modified_gmt":"2023-12-07T19:58:59","slug":"jarochos-listos-para-recibir-al-sol-de-mexico","status":"publish","type":"post","link":"https:\/\/encuentroinformativo.com.mx\/?p=48315","title":{"rendered":"Jarochos listos para recibir al &#8220;Sol de M\u00e9xico&#8221;"},"content":{"rendered":"\n<p><strong>Alejandro \u00c1vila<\/strong><\/p>\n\n\n\n<p>Veracruz, Ver.- El p\u00fablico veracruzano se encuentra listo para recibir este martes 12 de diciembre a Luis Miguel, dentro de su tour 2023.<\/p>\n\n\n\n<p>El evento est\u00e1 programado para que inicie las 19 horas en el estadio de b\u00e9isbol &#8220;Beto \u00c1vila&#8221; que se ubica en el municipio de Boca del R\u00edo; esta fecha fue de las primeras que tuvo &#8220;sold out&#8221; a pocos minutos de salir a la venta las entradas.<\/p>\n\n\n\n<p>Tras una larga ausencia &#8220;El Sol de M\u00e9xico&#8221; vuelve a pisar tierras jarochas, por lo que sus fans en la entidad veracruzana se encuentran muy emocionados por recibir a uno de los int\u00e9rpretes mexicanos m\u00e1s reconocidos a nivel internacional.<\/p>\n\n\n\n<p>Durante el recital se recorrer\u00e1n la discograf\u00eda que ha colocado Luis Miguel como uno de los cantantes m\u00e1s escuchados en la plataforma Spotify, llegando as\u00ed a cautivar tambi\u00e9n a las nuevas generaciones.<\/p>\n\n\n\n<p>La velada ser\u00e1 el cierre perfecto para un a\u00f1o redondo en Veracruz con respecto al turismo de eventos masivos; ya que hay que recordar, en este 2023 la zona conurbada de Veracruz &#8211; Boca del R\u00edo se catapult\u00f3 como uno de los sitios con m\u00e1s presentaciones art\u00edsticas durante el segundo semestre del a\u00f1o.<\/p>\n","protected":false},"excerpt":{"rendered":"<p>Alejandro \u00c1vila Veracruz, Ver.- El p\u00fablico veracruzano se encuentra listo para recibir este martes 12 de diciembre a Luis Miguel, dentro de su tour 2023. El evento est\u00e1 programado para que inicie las 19 horas en el estadio de b\u00e9isbol &#8220;Beto \u00c1vila&#8221; que se ubica en el municipio de Boca del R\u00edo; esta fecha fue [&hellip;]<\/p>\n","protected":false},"author":2476,"featured_media":48316,"comment_status":"open","ping_status":"open","sticky":false,"template":"","format":"standard","meta":{"_jetpack_memberships_contains_paid_content":false,"footnotes":""},"categories":[2],"tags":[],"class_list":["post-48315","post","type-post","status-publish","format-standard","has-post-thumbnail","hentry","category-estado"],"jetpack_featured_media_url":"https:\/\/encuentroinformativo.com.mx\/wp-content\/uploads\/2023\/12\/IMG-20231207-WA0027.jpg","jetpack_sharing_enabled":true,"jetpack_likes_enabled":true,"amp_enabled":true,"_links":{"self":[{"href":"https:\/\/encuentroinformativo.com.mx\/index.php?rest_route=\/wp\/v2\/posts\/48315","targetHints":{"allow":["GET"]}}],"collection":[{"href":"https:\/\/encuentroinformativo.com.mx\/index.php?rest_route=\/wp\/v2\/posts"}],"about":[{"href":"https:\/\/encuentroinformativo.com.mx\/index.php?rest_route=\/wp\/v2\/types\/post"}],"author":[{"embeddable":true,"href":"https:\/\/encuentroinformativo.com.mx\/index.php?rest_route=\/wp\/v2\/users\/2476"}],"replies":[{"embeddable":true,"href":"https:\/\/encuentroinformativo.com.mx\/index.php?rest_route=%2Fwp%2Fv2%2Fcomments&post=48315"}],"version-history":[{"count":1,"href":"https:\/\/encuentroinformativo.com.mx\/index.php?rest_route=\/wp\/v2\/posts\/48315\/revisions"}],"predecessor-version":[{"id":48317,"href":"https:\/\/encuentroinformativo.com.mx\/index.php?rest_route=\/wp\/v2\/posts\/48315\/revisions\/48317"}],"wp:featuredmedia":[{"embeddable":true,"href":"https:\/\/encuentroinformativo.com.mx\/index.php?rest_route=\/wp\/v2\/media\/48316"}],"wp:attachment":[{"href":"https:\/\/encuentroinformativo.com.mx\/index.php?rest_route=%2Fwp%2Fv2%2Fmedia&parent=48315"}],"wp:term":[{"taxonomy":"category","embeddable":true,"href":"https:\/\/encuentroinformativo.com.mx\/index.php?rest_route=%2Fwp%2Fv2%2Fcategories&post=48315"},{"taxonomy":"post_tag","embeddable":true,"href":"https:\/\/encuentroinformativo.com.mx\/index.php?rest_route=%2Fwp%2Fv2%2Ftags&post=48315"}],"curies":[{"name":"wp","href":"https:\/\/api.w.org\/{rel}","templated":true}]}}