{"id":48318,"date":"2023-12-07T12:01:24","date_gmt":"2023-12-07T18:01:24","guid":{"rendered":"https:\/\/encuentroinformativo.com.mx\/?p=48318"},"modified":"2023-12-07T14:26:21","modified_gmt":"2023-12-07T20:26:21","slug":"grillas-no-merman-trabajo-de-ayuntamiento-de-medellin-asegura-alcalde","status":"publish","type":"post","link":"https:\/\/encuentroinformativo.com.mx\/?p=48318","title":{"rendered":"Grillas no merman trabajo de Ayuntamiento de Medell\u00edn, asegura Alcalde"},"content":{"rendered":"\n<p><strong>Alejandro \u00c1vila<\/strong><\/p>\n\n\n\n<p>Medell\u00edn de Bravo, Ver.- Las &#8220;grillas&#8221; y el golpeteo pol\u00edtico que sufri\u00f3 la administraci\u00f3n municipal de Medell\u00edn de Bravo durante este 2023, no mermaron el trabajo en favor de los ciudadanos, asegur\u00f3 el alcalde, Marcos Isle\u00f1o Andrade, durante su Segundo Informe de Gobierno.<\/p>\n\n\n\n<p>Durante el desarrollo de su informe, el edil manifest\u00f3 que su trabajo realizado en los \u00faltimos 11 meses abarca beneficios tangibles para todos los sectores de la sociedad.<\/p>\n\n\n\n<p>\u201cDesde la construcci\u00f3n y mejora de infraestructuras, hasta proyectos que promueven la inclusi\u00f3n y el acceso a servicios b\u00e1sicos. Nuestras acciones se han centrado en fortalecer y mejorar la calidad de vida de cada medellinense. Estamos orgullosos de contribuir al desarrollo sostenible de nuestro municipio, sabiendo que estas obras perdurar\u00e1n como testimonios tangibles de nuestro compromiso con el progreso y el bienestar de Medell\u00edn\u201d.<\/p>\n\n\n\n<p>Reconoci\u00f3 que en este periodo se han enfrentado desaf\u00edos, los cuales han sido superados con trabajo permanente, sin caer en grillas ni en provocaciones de quienes destruyen y le dan prioridad a la politiquer\u00eda, en vez de sumarse al desarrollo colectivo de los ciudadanos.<\/p>\n\n\n\n<p>\u201cMi compromiso no se detiene en la oficina, sino que se extiende a las calles, familias y hogares, donde las obras de impacto social son testimonios vivos de nuestra preocupaci\u00f3n constante por cada uno de ustedes\u201d, enfatiz\u00f3.<\/p>\n\n\n\n<p>Al enumerar cada uno de los rubros realizados en el presente periodo de su gobierno, Marcos Isle\u00f1o resalt\u00f3 las acciones emprendidas en materia de obra p\u00fablica, con las cuales se ha hecho historia al beneficiar a miles de ciudadanos de la zona urbana y de todas las comunidades.<\/p>\n\n\n\n<p>Marcos Isle\u00f1o tambi\u00e9n destac\u00f3 la creaci\u00f3n de la Polic\u00eda Municipal para que Medell\u00edn tenga su propia seguridad p\u00fablica, \u201cpara que por fin podamos vigilar que se haga lo correcto para la seguridad de nuestras familias, sin abusos ni atropellos\u201d.<\/p>\n\n\n\n<p>Al d\u00eda de hoy, dijo, se han comprado uniformes y equipamiento t\u00e1ctico de alta calidad para 80 elementos, tambi\u00e9n adquirimos estrat\u00e9gicamente nuestra flota de unidades oficiales para fortalecer nuestra nueva polic\u00eda municipal, con un total de 15 veh\u00edculos que incluyen 4 camionetas, 1 autom\u00f3vil, 10 motocicletas, y adicional se pag\u00f3 todo el armamento a la SEDENA.<\/p>\n","protected":false},"excerpt":{"rendered":"<p>Alejandro \u00c1vila Medell\u00edn de Bravo, Ver.- Las &#8220;grillas&#8221; y el golpeteo pol\u00edtico que sufri\u00f3 la administraci\u00f3n municipal de Medell\u00edn de Bravo durante este 2023, no mermaron el trabajo en favor de los ciudadanos, asegur\u00f3 el alcalde, Marcos Isle\u00f1o Andrade, durante su Segundo Informe de Gobierno. Durante el desarrollo de su informe, el edil manifest\u00f3 que [&hellip;]<\/p>\n","protected":false},"author":2476,"featured_media":48319,"comment_status":"open","ping_status":"open","sticky":false,"template":"","format":"standard","meta":{"_jetpack_memberships_contains_paid_content":false,"footnotes":""},"categories":[2],"tags":[],"class_list":["post-48318","post","type-post","status-publish","format-standard","has-post-thumbnail","hentry","category-estado"],"jetpack_featured_media_url":"https:\/\/encuentroinformativo.com.mx\/wp-content\/uploads\/2023\/12\/IMG-20231207-WA00342.jpg","jetpack_sharing_enabled":true,"jetpack_likes_enabled":true,"amp_enabled":true,"_links":{"self":[{"href":"https:\/\/encuentroinformativo.com.mx\/index.php?rest_route=\/wp\/v2\/posts\/48318","targetHints":{"allow":["GET"]}}],"collection":[{"href":"https:\/\/encuentroinformativo.com.mx\/index.php?rest_route=\/wp\/v2\/posts"}],"about":[{"href":"https:\/\/encuentroinformativo.com.mx\/index.php?rest_route=\/wp\/v2\/types\/post"}],"author":[{"embeddable":true,"href":"https:\/\/encuentroinformativo.com.mx\/index.php?rest_route=\/wp\/v2\/users\/2476"}],"replies":[{"embeddable":true,"href":"https:\/\/encuentroinformativo.com.mx\/index.php?rest_route=%2Fwp%2Fv2%2Fcomments&post=48318"}],"version-history":[{"count":1,"href":"https:\/\/encuentroinformativo.com.mx\/index.php?rest_route=\/wp\/v2\/posts\/48318\/revisions"}],"predecessor-version":[{"id":48320,"href":"https:\/\/encuentroinformativo.com.mx\/index.php?rest_route=\/wp\/v2\/posts\/48318\/revisions\/48320"}],"wp:featuredmedia":[{"embeddable":true,"href":"https:\/\/encuentroinformativo.com.mx\/index.php?rest_route=\/wp\/v2\/media\/48319"}],"wp:attachment":[{"href":"https:\/\/encuentroinformativo.com.mx\/index.php?rest_route=%2Fwp%2Fv2%2Fmedia&parent=48318"}],"wp:term":[{"taxonomy":"category","embeddable":true,"href":"https:\/\/encuentroinformativo.com.mx\/index.php?rest_route=%2Fwp%2Fv2%2Fcategories&post=48318"},{"taxonomy":"post_tag","embeddable":true,"href":"https:\/\/encuentroinformativo.com.mx\/index.php?rest_route=%2Fwp%2Fv2%2Ftags&post=48318"}],"curies":[{"name":"wp","href":"https:\/\/api.w.org\/{rel}","templated":true}]}}