{"id":48335,"date":"2023-12-08T11:16:33","date_gmt":"2023-12-08T17:16:33","guid":{"rendered":"https:\/\/encuentroinformativo.com.mx\/?p=48335"},"modified":"2023-12-08T11:16:38","modified_gmt":"2023-12-08T17:16:38","slug":"abogados-presentara-ante-congreso-de-veracruz-propuesta-de-ley-del-arancel","status":"publish","type":"post","link":"https:\/\/encuentroinformativo.com.mx\/?p=48335","title":{"rendered":"Abogados presentar\u00e1 ante Congreso de Veracruz propuesta de Ley del Arancel"},"content":{"rendered":"\n<p><strong>Alejandro \u00c1vila<\/strong><\/p>\n\n\n\n<p>Veracruz, Ver.- El reci\u00e9n electo presidente del Colegio de Abogados de Veracruz, Jorge Alberto Priego Miranda, dijo que a partir del primero de enero del 2024 iniciar\u00e1n con las mesas de trabajo para presentar en pr\u00f3ximas fechas ante el Congreso de Veracruz la iniciativa ciudadana para la Ley del Arancel.<\/p>\n\n\n\n<p>El jurista fue electo presidente el pasado 6 de diciembre por los 166 miembros del Colegio de Abogados para el periodo 2024 &#8211; 2025; esta Ley de Arancel buscar\u00e1 homologar los honorarios de los abogados en Veracruz.<\/p>\n\n\n\n<p>&#8220;La Ley del Arancel consiste en homologar los aranceles, como su nombre lo dice, valga la redundancia, de los honorarios de los abogados en el estado de Veracruz, con la finalidad de evitar que existan competencias desleales, y as\u00ed dignificar la profesi\u00f3n del abogado&#8221;, destac\u00f3.<\/p>\n\n\n\n<p>El otro tema, dijo que tambi\u00e9n se tiene planteado que todos los miembros participen en un podcast de Divulgaci\u00f3n Cient\u00edfica Jur\u00eddica.<\/p>\n\n\n\n<p>&#8220;Participaremos todos y cada uno de los miembros del Colegio de Abogados, con la finalidad de difundir estos conocimientos a la poblaci\u00f3n y a otros abogados, y as\u00ed elevar el nivel de debate jur\u00eddico en el estado de Veracruz&#8221;, expres\u00f3.<\/p>\n","protected":false},"excerpt":{"rendered":"<p>Alejandro \u00c1vila Veracruz, Ver.- El reci\u00e9n electo presidente del Colegio de Abogados de Veracruz, Jorge Alberto Priego Miranda, dijo que a partir del primero de enero del 2024 iniciar\u00e1n con las mesas de trabajo para presentar en pr\u00f3ximas fechas ante el Congreso de Veracruz la iniciativa ciudadana para la Ley del Arancel. El jurista fue [&hellip;]<\/p>\n","protected":false},"author":2476,"featured_media":48336,"comment_status":"open","ping_status":"open","sticky":false,"template":"","format":"standard","meta":{"_jetpack_memberships_contains_paid_content":false,"footnotes":""},"categories":[2],"tags":[],"class_list":["post-48335","post","type-post","status-publish","format-standard","has-post-thumbnail","hentry","category-estado"],"jetpack_featured_media_url":"https:\/\/encuentroinformativo.com.mx\/wp-content\/uploads\/2023\/12\/IMG-20231208-WA0010.jpg","jetpack_sharing_enabled":true,"jetpack_likes_enabled":true,"amp_enabled":true,"_links":{"self":[{"href":"https:\/\/encuentroinformativo.com.mx\/index.php?rest_route=\/wp\/v2\/posts\/48335","targetHints":{"allow":["GET"]}}],"collection":[{"href":"https:\/\/encuentroinformativo.com.mx\/index.php?rest_route=\/wp\/v2\/posts"}],"about":[{"href":"https:\/\/encuentroinformativo.com.mx\/index.php?rest_route=\/wp\/v2\/types\/post"}],"author":[{"embeddable":true,"href":"https:\/\/encuentroinformativo.com.mx\/index.php?rest_route=\/wp\/v2\/users\/2476"}],"replies":[{"embeddable":true,"href":"https:\/\/encuentroinformativo.com.mx\/index.php?rest_route=%2Fwp%2Fv2%2Fcomments&post=48335"}],"version-history":[{"count":1,"href":"https:\/\/encuentroinformativo.com.mx\/index.php?rest_route=\/wp\/v2\/posts\/48335\/revisions"}],"predecessor-version":[{"id":48337,"href":"https:\/\/encuentroinformativo.com.mx\/index.php?rest_route=\/wp\/v2\/posts\/48335\/revisions\/48337"}],"wp:featuredmedia":[{"embeddable":true,"href":"https:\/\/encuentroinformativo.com.mx\/index.php?rest_route=\/wp\/v2\/media\/48336"}],"wp:attachment":[{"href":"https:\/\/encuentroinformativo.com.mx\/index.php?rest_route=%2Fwp%2Fv2%2Fmedia&parent=48335"}],"wp:term":[{"taxonomy":"category","embeddable":true,"href":"https:\/\/encuentroinformativo.com.mx\/index.php?rest_route=%2Fwp%2Fv2%2Fcategories&post=48335"},{"taxonomy":"post_tag","embeddable":true,"href":"https:\/\/encuentroinformativo.com.mx\/index.php?rest_route=%2Fwp%2Fv2%2Ftags&post=48335"}],"curies":[{"name":"wp","href":"https:\/\/api.w.org\/{rel}","templated":true}]}}