{"id":48338,"date":"2023-12-08T11:20:36","date_gmt":"2023-12-08T17:20:36","guid":{"rendered":"https:\/\/encuentroinformativo.com.mx\/?p=48338"},"modified":"2023-12-08T11:20:42","modified_gmt":"2023-12-08T17:20:42","slug":"visitara-xochitl-galvez-perote","status":"publish","type":"post","link":"https:\/\/encuentroinformativo.com.mx\/?p=48338","title":{"rendered":"Visitar\u00e1 X\u00f3chitl G\u00e1lvez Perote"},"content":{"rendered":"\n<p><strong>Alejandro \u00c1vila<\/strong><\/p>\n\n\n\n<p>Veracruz, Ver.- El pr\u00f3ximo s\u00e1bado 16 de diciembre, la virual candidata del Frente Amplio por M\u00e9xico, X\u00f3chitl G\u00e1lvez Ruiz, visitar\u00e1 el municipio de Perote, donde se confirmar\u00e1 a Jos\u00e9 Francisco Yunes Zorrilla, como el candidato de la alianza opositora Veracruz.<\/p>\n\n\n\n<p>El evento donde se ungir\u00e1 a Pepe Yunes como la persona que encabezar\u00e1 a la alianza PRI, PAN y PRD en Veracruz ser\u00e1 en el rancho del perote\u00f1o; ah\u00ed se congregar\u00e1n las figuras pol\u00edticas m\u00e1s importantes de los tres partidos, muchas de ellas trabajando tras bambalinas, pues no gozan de mucha simpat\u00eda con el pueblo veracruzano, pero s\u00ed son de todas las confianzas de Pepe Yunes.<\/p>\n\n\n\n<p>Previamente, a las 11 de la ma\u00f1ana la hidalguense, X\u00f3chitl G\u00e1lvez, tendr\u00e1 un evento masivo en las canchas deportivas &#8220;Revoluci\u00f3n&#8221; de la colonia Azteca en el municipio de Perote, donde se espera &#8220;muestre el m\u00fasculo&#8221; de la alianza opositora; en dicho evento tambi\u00e9n se arropar\u00e1 y se destacar\u00e1 la labor como funcionario p\u00fablico de Jos\u00e9 Francisco Yunes Zorrilla.<\/p>\n\n\n\n<p>La negociaci\u00f3n entr\u00e9 la alianza opositora en Veracruz est\u00e1 pr\u00e1cticamente cerrada, solo se afinan detalles en la estructura para conformar un equipo de trabajo que logre concretar el objetivo de lograr el triunfo en la pr\u00f3xima elecci\u00f3n por la gubernatura.<\/p>\n","protected":false},"excerpt":{"rendered":"<p>Alejandro \u00c1vila Veracruz, Ver.- El pr\u00f3ximo s\u00e1bado 16 de diciembre, la virual candidata del Frente Amplio por M\u00e9xico, X\u00f3chitl G\u00e1lvez Ruiz, visitar\u00e1 el municipio de Perote, donde se confirmar\u00e1 a Jos\u00e9 Francisco Yunes Zorrilla, como el candidato de la alianza opositora Veracruz. El evento donde se ungir\u00e1 a Pepe Yunes como la persona que encabezar\u00e1 [&hellip;]<\/p>\n","protected":false},"author":2476,"featured_media":48339,"comment_status":"open","ping_status":"open","sticky":false,"template":"","format":"standard","meta":{"_jetpack_memberships_contains_paid_content":false,"footnotes":""},"categories":[2],"tags":[],"class_list":["post-48338","post","type-post","status-publish","format-standard","has-post-thumbnail","hentry","category-estado"],"jetpack_featured_media_url":"https:\/\/encuentroinformativo.com.mx\/wp-content\/uploads\/2023\/12\/IMG-20231208-WA00122.jpg","jetpack_sharing_enabled":true,"jetpack_likes_enabled":true,"amp_enabled":true,"_links":{"self":[{"href":"https:\/\/encuentroinformativo.com.mx\/index.php?rest_route=\/wp\/v2\/posts\/48338","targetHints":{"allow":["GET"]}}],"collection":[{"href":"https:\/\/encuentroinformativo.com.mx\/index.php?rest_route=\/wp\/v2\/posts"}],"about":[{"href":"https:\/\/encuentroinformativo.com.mx\/index.php?rest_route=\/wp\/v2\/types\/post"}],"author":[{"embeddable":true,"href":"https:\/\/encuentroinformativo.com.mx\/index.php?rest_route=\/wp\/v2\/users\/2476"}],"replies":[{"embeddable":true,"href":"https:\/\/encuentroinformativo.com.mx\/index.php?rest_route=%2Fwp%2Fv2%2Fcomments&post=48338"}],"version-history":[{"count":1,"href":"https:\/\/encuentroinformativo.com.mx\/index.php?rest_route=\/wp\/v2\/posts\/48338\/revisions"}],"predecessor-version":[{"id":48340,"href":"https:\/\/encuentroinformativo.com.mx\/index.php?rest_route=\/wp\/v2\/posts\/48338\/revisions\/48340"}],"wp:featuredmedia":[{"embeddable":true,"href":"https:\/\/encuentroinformativo.com.mx\/index.php?rest_route=\/wp\/v2\/media\/48339"}],"wp:attachment":[{"href":"https:\/\/encuentroinformativo.com.mx\/index.php?rest_route=%2Fwp%2Fv2%2Fmedia&parent=48338"}],"wp:term":[{"taxonomy":"category","embeddable":true,"href":"https:\/\/encuentroinformativo.com.mx\/index.php?rest_route=%2Fwp%2Fv2%2Fcategories&post=48338"},{"taxonomy":"post_tag","embeddable":true,"href":"https:\/\/encuentroinformativo.com.mx\/index.php?rest_route=%2Fwp%2Fv2%2Ftags&post=48338"}],"curies":[{"name":"wp","href":"https:\/\/api.w.org\/{rel}","templated":true}]}}