{"id":48344,"date":"2023-12-08T13:49:40","date_gmt":"2023-12-08T19:49:40","guid":{"rendered":"https:\/\/encuentroinformativo.com.mx\/?p=48344"},"modified":"2023-12-08T13:49:44","modified_gmt":"2023-12-08T19:49:44","slug":"ora-iglesia-por-familias-de-comunicadores","status":"publish","type":"post","link":"https:\/\/encuentroinformativo.com.mx\/?p=48344","title":{"rendered":"Ora iglesia por familias de comunicadores"},"content":{"rendered":"\n<p><strong>Dar\u00edo Pale <\/strong><\/p>\n\n\n\n<p>Xalapa, Ver.- La labor de periodistas los pone en riesgo, Iglesia ora por ellos, y para lograr una vida plena, deben seguir el camino de Jes\u00fas, as\u00ed lo dio a conocer el Arzobispo de Xalapa, Jorge Carlos Patr\u00f3n Wong.<\/p>\n\n\n\n<p>En entrevista, afirm\u00f3 que el mensaje para las familias de los comunicadores es que la Iglesia cat\u00f3lica siempre ora siempre por ellos, adem\u00e1s sostuvo que el estilo de vida de un reportero tiene que ser como el de Jesucristo, para ser pleno.\u00a0<\/p>\n\n\n\n<p>Les dese\u00f3 una muy Feliz Navidad, coment\u00f3 que la Navidad cambia la historia de la humanidad, a partir de eso hay un cambio, un antes y un despu\u00e9s del nacimiento de nuestro se\u00f1or Jesucristo.<\/p>\n\n\n\n<p>Ah\u00ed, dijo que desde el nacimiento de Jes\u00fas la vida tiene un sentido m\u00e1s humano y m\u00e1s divino.<\/p>\n\n\n\n<p>Record\u00f3 que a lo largo de este a\u00f1o, la Arquidi\u00f3cesis ha celebrado, orado por los diferentes aspectos de la vida, desde el nacimiento, a los j\u00f3venes, a los abuelitos, a los padres, as\u00ed como a sus realidades a partir de sus diferencias.<\/p>\n\n\n\n<p>En ese sentido, agradeci\u00f3 a los medios de comunicaci\u00f3n, a los reporteros su vocaci\u00f3n de servicio que tiene que ver con el seguimiento de Jes\u00fas, porque Jesucristo se presenta como el camino, la verdad y la vida.<\/p>\n\n\n\n<p>&#8220;Y cada periodista tiene que seguir el camino de Jes\u00fas, para que toda la vida humana, para ser plena, tiene que ser un estilo de vida como el de Jesucristo&#8221;, recalc\u00f3.<\/p>\n\n\n\n<p>Patr\u00f3n Wong enfatiz\u00f3 que la vida -que para nosotros termina en la tierra-, es una peregrinaci\u00f3n, un paso a la vida eterna.<\/p>\n\n\n\n<p>En otro orden de ideas, el arzobispo de Xalapa, inform\u00f3 que como parte de las celebraciones por el D\u00eda de la Virgen en esta ciudad oficiar\u00e1 misa el 11 de diciembre a las 11 de la noche en la Bas\u00edlica Menor del Dique. \u00a0<\/p>\n\n\n\n<p>Indic\u00f3 que celebrar\u00e1 la primera misa de la fiesta guadalupana en la Bas\u00edlica Menor en donde posteriormente entonar\u00e1n Las Ma\u00f1anitas a la Virgen.\u00a0<\/p>\n\n\n\n<p>Patr\u00f3n Wong indic\u00f3 que esperan el arribo de miles de peregrinos de distintos municipios cercanos a Xalapa y otros puntos del estado pero tambi\u00e9n del pa\u00eds.\u00a0<\/p>\n\n\n\n<p>Cuestionado sobre la fe hacia la Virgen, dijo que contrario a lo que podr\u00eda creerse est\u00e1 m\u00e1s arraigado entre los j\u00f3venes y ni\u00f1os.\u00a0<\/p>\n\n\n\n<p>\u201cHa habido expresiones hacia la Virgen de Guadalupe y contrario a lo que se pueda pensar, tiene cada vez mayor arraigo a nuestra sociedad y especialmente entre ni\u00f1os y j\u00f3venes\u201d, se\u00f1al\u00f3.<\/p>\n\n\n\n<p>Coment\u00f3 que en los d\u00edas previos a la celebraci\u00f3n guadalupana a la Bas\u00edlica Menor han llegado familias enteras de varias partes de Veracruz y de estados vecinos.\u00a0<\/p>\n\n\n\n<p>Lo anterior, pues consider\u00f3 que la situaci\u00f3n en que vivimos generar que la presencia materna de Mar\u00eda de Guadalupe sea el punto de uni\u00f3n para los mexicanos.\u00a0<\/p>\n\n\n\n<p>Por \u00faltimo se\u00f1al\u00f3 que, \u201cante todas las dificultades sirve como protecci\u00f3n y alienta la fraternidad y la amistad\u201d.<\/p>\n","protected":false},"excerpt":{"rendered":"<p>Dar\u00edo Pale Xalapa, Ver.- La labor de periodistas los pone en riesgo, Iglesia ora por ellos, y para lograr una vida plena, deben seguir el camino de Jes\u00fas, as\u00ed lo dio a conocer el Arzobispo de Xalapa, Jorge Carlos Patr\u00f3n Wong. En entrevista, afirm\u00f3 que el mensaje para las familias de los comunicadores es que [&hellip;]<\/p>\n","protected":false},"author":2476,"featured_media":48345,"comment_status":"open","ping_status":"open","sticky":false,"template":"","format":"standard","meta":{"_jetpack_memberships_contains_paid_content":false,"footnotes":""},"categories":[3],"tags":[],"class_list":["post-48344","post","type-post","status-publish","format-standard","has-post-thumbnail","hentry","category-xalapa"],"jetpack_featured_media_url":"https:\/\/encuentroinformativo.com.mx\/wp-content\/uploads\/2023\/12\/IMG-20231208-WA00272.jpg","jetpack_sharing_enabled":true,"jetpack_likes_enabled":true,"amp_enabled":true,"_links":{"self":[{"href":"https:\/\/encuentroinformativo.com.mx\/index.php?rest_route=\/wp\/v2\/posts\/48344","targetHints":{"allow":["GET"]}}],"collection":[{"href":"https:\/\/encuentroinformativo.com.mx\/index.php?rest_route=\/wp\/v2\/posts"}],"about":[{"href":"https:\/\/encuentroinformativo.com.mx\/index.php?rest_route=\/wp\/v2\/types\/post"}],"author":[{"embeddable":true,"href":"https:\/\/encuentroinformativo.com.mx\/index.php?rest_route=\/wp\/v2\/users\/2476"}],"replies":[{"embeddable":true,"href":"https:\/\/encuentroinformativo.com.mx\/index.php?rest_route=%2Fwp%2Fv2%2Fcomments&post=48344"}],"version-history":[{"count":1,"href":"https:\/\/encuentroinformativo.com.mx\/index.php?rest_route=\/wp\/v2\/posts\/48344\/revisions"}],"predecessor-version":[{"id":48346,"href":"https:\/\/encuentroinformativo.com.mx\/index.php?rest_route=\/wp\/v2\/posts\/48344\/revisions\/48346"}],"wp:featuredmedia":[{"embeddable":true,"href":"https:\/\/encuentroinformativo.com.mx\/index.php?rest_route=\/wp\/v2\/media\/48345"}],"wp:attachment":[{"href":"https:\/\/encuentroinformativo.com.mx\/index.php?rest_route=%2Fwp%2Fv2%2Fmedia&parent=48344"}],"wp:term":[{"taxonomy":"category","embeddable":true,"href":"https:\/\/encuentroinformativo.com.mx\/index.php?rest_route=%2Fwp%2Fv2%2Fcategories&post=48344"},{"taxonomy":"post_tag","embeddable":true,"href":"https:\/\/encuentroinformativo.com.mx\/index.php?rest_route=%2Fwp%2Fv2%2Ftags&post=48344"}],"curies":[{"name":"wp","href":"https:\/\/api.w.org\/{rel}","templated":true}]}}