{"id":48353,"date":"2023-12-08T14:26:50","date_gmt":"2023-12-08T20:26:50","guid":{"rendered":"https:\/\/encuentroinformativo.com.mx\/?p=48353"},"modified":"2023-12-08T14:31:11","modified_gmt":"2023-12-08T20:31:11","slug":"por-epoca-navidena-esperan-retorno-de-40-mil-migrantes-veracruzanos","status":"publish","type":"post","link":"https:\/\/encuentroinformativo.com.mx\/?p=48353","title":{"rendered":"Por \u00e9poca navide\u00f1a, esperan retorno de 40 mil migrantes veracruzanos"},"content":{"rendered":"\n<p><strong>Juan Arcos <\/strong><\/p>\n\n\n\n<p>Xalapa, Ver.- Durante esta \u00e9poca navide\u00f1a se espera el regreso de 40 mil migrantes veracruzanos que se encuentran en distintos lugares de Estados Unidos.<\/p>\n\n\n\n<p>As\u00ed lo dio a conocer el director general de de Atenci\u00f3n a Migrantes en Veracruz, Carlos Enrique Escalante Igual, quien a\u00f1adi\u00f3 que estas personas acostumbran viajar en estas fechas para pasar las fiestas en su ciudad natal, con sus familiares.<\/p>\n\n\n\n<p>El funcionario estatal indic\u00f3 que se instalar\u00e1n seis puntos de revisi\u00f3n para recibir a los migrantes extranjeros que radican en el extranjero.<\/p>\n\n\n\n<p>La mayor\u00eda de los veracruzanos radica en los estados de Texas, Las Carolinas, Chicago, California y M\u00edchigan, quienes se dirigen a los municipios de Misantla, Xalapa, Veracruz, C\u00f3rdoba, Orizaba y Tierra Blanca, por mencionar algunos.<\/p>\n\n\n\n<p>El entrevistado coment\u00f3 que se trata del programa \u201cH\u00e9roes Paisanos\u201d con el que se busca brindar una buena atenci\u00f3n a dicho sector de la poblaci\u00f3n.<\/p>\n\n\n\n<p>Por lo anterior, se coordinar\u00e1n acciones con el Instituto Nacional de Migraci\u00f3n (INM), Secretar\u00eda de Seguridad P\u00fablica (SSP), Polic\u00eda Federal, Protecci\u00f3n Civil (PC) y la Secretar\u00eda de Salud (SS).<\/p>\n\n\n\n<p>Los m\u00f3dulos de revisi\u00f3n ser\u00edan montados en Nautla-Casitas, puerto de Veracruz, San Andr\u00e9s Tuxtla, Acayucan, Minatitl\u00e1n y Coatzacoalcos.<\/p>\n\n\n\n<p>\u201cYa empezaron a llegar, cuando inicia el mes y se da el banderazo de arranque de este programa\u201d, enfatiz\u00f3 el Director General de Atenci\u00f3n a Migrantes.<\/p>\n","protected":false},"excerpt":{"rendered":"<p>Juan Arcos Xalapa, Ver.- Durante esta \u00e9poca navide\u00f1a se espera el regreso de 40 mil migrantes veracruzanos que se encuentran en distintos lugares de Estados Unidos. As\u00ed lo dio a conocer el director general de de Atenci\u00f3n a Migrantes en Veracruz, Carlos Enrique Escalante Igual, quien a\u00f1adi\u00f3 que estas personas acostumbran viajar en estas fechas [&hellip;]<\/p>\n","protected":false},"author":2476,"featured_media":48357,"comment_status":"open","ping_status":"open","sticky":false,"template":"","format":"standard","meta":{"_jetpack_memberships_contains_paid_content":false,"footnotes":""},"categories":[2],"tags":[],"class_list":["post-48353","post","type-post","status-publish","format-standard","has-post-thumbnail","hentry","category-estado"],"jetpack_featured_media_url":"https:\/\/encuentroinformativo.com.mx\/wp-content\/uploads\/2023\/12\/IMG_3142.jpg","jetpack_sharing_enabled":true,"jetpack_likes_enabled":true,"amp_enabled":true,"_links":{"self":[{"href":"https:\/\/encuentroinformativo.com.mx\/index.php?rest_route=\/wp\/v2\/posts\/48353","targetHints":{"allow":["GET"]}}],"collection":[{"href":"https:\/\/encuentroinformativo.com.mx\/index.php?rest_route=\/wp\/v2\/posts"}],"about":[{"href":"https:\/\/encuentroinformativo.com.mx\/index.php?rest_route=\/wp\/v2\/types\/post"}],"author":[{"embeddable":true,"href":"https:\/\/encuentroinformativo.com.mx\/index.php?rest_route=\/wp\/v2\/users\/2476"}],"replies":[{"embeddable":true,"href":"https:\/\/encuentroinformativo.com.mx\/index.php?rest_route=%2Fwp%2Fv2%2Fcomments&post=48353"}],"version-history":[{"count":1,"href":"https:\/\/encuentroinformativo.com.mx\/index.php?rest_route=\/wp\/v2\/posts\/48353\/revisions"}],"predecessor-version":[{"id":48355,"href":"https:\/\/encuentroinformativo.com.mx\/index.php?rest_route=\/wp\/v2\/posts\/48353\/revisions\/48355"}],"wp:featuredmedia":[{"embeddable":true,"href":"https:\/\/encuentroinformativo.com.mx\/index.php?rest_route=\/wp\/v2\/media\/48357"}],"wp:attachment":[{"href":"https:\/\/encuentroinformativo.com.mx\/index.php?rest_route=%2Fwp%2Fv2%2Fmedia&parent=48353"}],"wp:term":[{"taxonomy":"category","embeddable":true,"href":"https:\/\/encuentroinformativo.com.mx\/index.php?rest_route=%2Fwp%2Fv2%2Fcategories&post=48353"},{"taxonomy":"post_tag","embeddable":true,"href":"https:\/\/encuentroinformativo.com.mx\/index.php?rest_route=%2Fwp%2Fv2%2Ftags&post=48353"}],"curies":[{"name":"wp","href":"https:\/\/api.w.org\/{rel}","templated":true}]}}