{"id":4836,"date":"2020-08-11T15:10:27","date_gmt":"2020-08-11T20:10:27","guid":{"rendered":"https:\/\/encuentroinformativo.com\/?p=4836"},"modified":"2020-08-11T15:10:31","modified_gmt":"2020-08-11T20:10:31","slug":"por-crisis-cerrarian-100-escuelas-privadas-de-forma-definitiva","status":"publish","type":"post","link":"https:\/\/encuentroinformativo.com.mx\/?p=4836","title":{"rendered":"Por crisis, cerrar\u00edan 100 escuelas privadas de forma definitiva"},"content":{"rendered":"\n<p><strong>Juan Arcos<\/strong><\/p>\n\n\n\n<p>Xalapa, Ver.- Cerca de 100 escuelas particulares, de todos los niveles educativos, est\u00e1n en quiebra y podr\u00edan cerrar sus puertas de manera definitiva por la crisis financiera derivada de la pandemia del SARS-COV-2 (COVID-19).<\/p>\n\n\n\n<p>As\u00ed lo dio a conocer Carlos Luna Escudero, presidente de la Corporaci\u00f3n de Escuelas Particulares del Estado de Veracruz, quien a\u00f1adi\u00f3 que los ingresos econ\u00f3micos de las escuelas privadas disminuyeron entre 35 y 65 por ciento, por lo que resulta dif\u00edcil su permanencia.<\/p>\n\n\n\n<p>Estas escuelas se encuentran en Coatzacoalcos, Poza Rica, C\u00f3rdoba y Orizaba, es decir, en las zonas con mayor n\u00famero de casos de COVID-19.<\/p>\n\n\n\n<p>\u201cDonde est\u00e1 pegando m\u00e1s el tema de la pandemia, es donde m\u00e1s se agudiza el tema para las instituciones escolares\u201d.<\/p>\n\n\n\n<p>El entrevistado a\u00f1adi\u00f3 que los padres de familia han dado de baja a los estudiantes en estas escuelas por la p\u00e9rdida de empleos.<\/p>\n\n\n\n<p>\u201cEs porque no pueden pagar, tenemos un dato espeluznante: en Veracruz se han perdido casi 58 mil empleos formales y ponle el doble de los informales\u201d.<\/p>\n\n\n\n<p>Luna Escudero opin\u00f3 que existe una crisis de desempleo generalizado que ha afectado a todas las escuelas particulares.<\/p>\n\n\n\n<p>Sin embargo, son las instituciones m\u00e1s peque\u00f1as o de reciente creaci\u00f3n las que se han visto mayormente afectadas por la contingencia sanitaria.<\/p>\n\n\n\n<p>\u201cLos pap\u00e1s tienen que priorizar los gastos de la familia, as\u00ed como la diversi\u00f3n y el turismo se han dejado de lado, tambi\u00e9n empieza a pegarnos fuertemente a los servicios escolares\u201d, remat\u00f3.<\/p>\n\n\n\n<p><\/p>\n","protected":false},"excerpt":{"rendered":"<p>Juan Arcos Xalapa, Ver.- Cerca de 100 escuelas particulares, de todos los niveles educativos, est\u00e1n en quiebra y podr\u00edan cerrar sus puertas de manera definitiva por la crisis financiera derivada de la pandemia del SARS-COV-2 (COVID-19). As\u00ed lo dio a conocer Carlos Luna Escudero, presidente de la Corporaci\u00f3n de Escuelas Particulares del Estado de Veracruz, [&hellip;]<\/p>\n","protected":false},"author":1,"featured_media":2536,"comment_status":"open","ping_status":"open","sticky":false,"template":"","format":"standard","meta":{"_jetpack_memberships_contains_paid_content":false,"footnotes":""},"categories":[2],"tags":[],"class_list":["post-4836","post","type-post","status-publish","format-standard","has-post-thumbnail","hentry","category-estado"],"jetpack_featured_media_url":"https:\/\/encuentroinformativo.com.mx\/wp-content\/uploads\/2020\/05\/8F80AF2C-FA5E-41CA-BEF4-02CF21DCB71E.jpeg","jetpack_sharing_enabled":true,"jetpack_likes_enabled":true,"amp_enabled":true,"_links":{"self":[{"href":"https:\/\/encuentroinformativo.com.mx\/index.php?rest_route=\/wp\/v2\/posts\/4836","targetHints":{"allow":["GET"]}}],"collection":[{"href":"https:\/\/encuentroinformativo.com.mx\/index.php?rest_route=\/wp\/v2\/posts"}],"about":[{"href":"https:\/\/encuentroinformativo.com.mx\/index.php?rest_route=\/wp\/v2\/types\/post"}],"author":[{"embeddable":true,"href":"https:\/\/encuentroinformativo.com.mx\/index.php?rest_route=\/wp\/v2\/users\/1"}],"replies":[{"embeddable":true,"href":"https:\/\/encuentroinformativo.com.mx\/index.php?rest_route=%2Fwp%2Fv2%2Fcomments&post=4836"}],"version-history":[{"count":1,"href":"https:\/\/encuentroinformativo.com.mx\/index.php?rest_route=\/wp\/v2\/posts\/4836\/revisions"}],"predecessor-version":[{"id":4837,"href":"https:\/\/encuentroinformativo.com.mx\/index.php?rest_route=\/wp\/v2\/posts\/4836\/revisions\/4837"}],"wp:featuredmedia":[{"embeddable":true,"href":"https:\/\/encuentroinformativo.com.mx\/index.php?rest_route=\/wp\/v2\/media\/2536"}],"wp:attachment":[{"href":"https:\/\/encuentroinformativo.com.mx\/index.php?rest_route=%2Fwp%2Fv2%2Fmedia&parent=4836"}],"wp:term":[{"taxonomy":"category","embeddable":true,"href":"https:\/\/encuentroinformativo.com.mx\/index.php?rest_route=%2Fwp%2Fv2%2Fcategories&post=4836"},{"taxonomy":"post_tag","embeddable":true,"href":"https:\/\/encuentroinformativo.com.mx\/index.php?rest_route=%2Fwp%2Fv2%2Ftags&post=4836"}],"curies":[{"name":"wp","href":"https:\/\/api.w.org\/{rel}","templated":true}]}}