{"id":48360,"date":"2023-12-08T14:50:47","date_gmt":"2023-12-08T20:50:47","guid":{"rendered":"https:\/\/encuentroinformativo.com.mx\/?p=48360"},"modified":"2023-12-08T14:50:50","modified_gmt":"2023-12-08T20:50:50","slug":"realizaran-colectivos-trabajos-de-busqueda-en-el-ceis","status":"publish","type":"post","link":"https:\/\/encuentroinformativo.com.mx\/?p=48360","title":{"rendered":"Realizar\u00e1n  colectivos trabajos de b\u00fasqueda en el  CEIS"},"content":{"rendered":"\n<p><strong>Dar\u00edo Pale <\/strong><\/p>\n\n\n\n<p>Xalapa, Ver.- Colectivos volver\u00e1n a ingresar al CEIS y a un penal, ademas seguir\u00e1 habiendo cambios en comandancias, se sumar\u00e1n m\u00e1s mujeres, as\u00ed lo dio a conocer el secretario de Seguridad P\u00fablica, Cuauht\u00e9moc Z\u00fa\u00f1iga Bonilla.<\/p>\n\n\n\n<p>En entrevista respecto de las alertas de seguridad emitidas por Estados Unidos, rechaz\u00f3 que est\u00e9n ocurriendo robos o cualquier otro tipo de delitos en los l\u00edmites \u00a0con Veracruz de los Estados fronterizos.<\/p>\n\n\n\n<p>&#8220;Esa zona que usted menciona es la zona m\u00e1s tranquila. Yo respeto los pronunciamientos de otras instituciones, pero yo tengo el pulso de lo que est\u00e1 pasando realmente&#8221;, asever\u00f3.<\/p>\n\n\n\n<p>Asimismo, sobre la caravana de Migrantes, Z\u00fa\u00f1iga Bonilla, expres\u00f3 que esa es competencia del Instituto Nacional de Migraci\u00f3n, la dependencia de su cargo solamente es un coadyuvante para brindar seguridad.<\/p>\n\n\n\n<p>Refiri\u00f3 que junto con el Instituto Nacional de Migraci\u00f3n se han sumado otras fuerzas del orden federal como la Sedena o la Secretar\u00eda de Marina.<\/p>\n\n\n\n<p>Respecto del ingreso nuevamente de grupos colectivos al Centro de Estudios e Investigaci\u00f3n en Seguridad (CEIS); el funcionario dijo que las veces que requieran entrar, no habr\u00e1 ning\u00fan impedimento.<\/p>\n\n\n\n<p>Reconoci\u00f3 que los integrantes de colectivos de b\u00fasquedas de personas desaparecidas han ingresado en varias ocasiones al inmueble y, en los pr\u00f3ximos d\u00edas lo volver\u00e1n a hacer as\u00ed como a uno de los penales del Estado.<\/p>\n\n\n\n<p>En otro orden de ideas rechaz\u00f3 que en el municipio de Acayucan se hayan registrado enfrentamientos en d\u00edas pasados y aclar\u00f3 que m\u00e1s bien ha habido detenciones de presuntos delincuentes.<\/p>\n\n\n\n<p>&#8220;No, no ha habido enfrentamientos, ha habido detenciones, con la Fiscal\u00eda, Fuerza Civil y Polic\u00eda Estatal se han dado buenos resultados&#8221;, se\u00f1al\u00f3.<br>&#8220;Hay que recordar que all\u00e1 se agarr\u00f3 una banda extorsionadores, entonces nuevamente puede ser que se est\u00e9n reorganizando&#8221;, agreg\u00f3.<\/p>\n\n\n\n<p>Sin embargo, sostuvo que los elementos de la dependencia a su cargo est\u00e1n al pendiente.<br>Z\u00fa\u00f1iga Bonilla record\u00f3 que el esquema operativo de la Secretar\u00eda de Seguridad P\u00fablica contempla la seguridad en los 212 ayuntamientos, en ese sentido, asegur\u00f3 que una de las zonas m\u00e1s tranquilas de Veracruz es el sur del Estado.<\/p>\n\n\n\n<p>En cuanto a los cambios en las comandancias como los que se registraron recientemente en Veracruz y Boca del R\u00edo, Z\u00fa\u00f1iga Bonilla, enfatiz\u00f3 que constantemente hacen rotaci\u00f3n de personal.<br>La finalidad es evitar que se hagan v\u00ednculos entre los elementos que permanecen mucho tiempo en una zona.<\/p>\n\n\n\n<p>En ese sentido, destac\u00f3 que cuatro mujeres se han integrado como titulares de delegaciones y anunci\u00f3 que todav\u00eda m\u00e1s mujeres seguir\u00e1n haci\u00e9ndolo en esos cargos.<\/p>\n\n\n\n<p>Finalmente se\u00f1al\u00f3 que, &#8220;en todos lados hay rotaciones. En la zonas norte, centro y sur nosotros hacemos esa pr\u00e1ctica para transparentar nuestras acciones&#8221;.<\/p>\n","protected":false},"excerpt":{"rendered":"<p>Dar\u00edo Pale Xalapa, Ver.- Colectivos volver\u00e1n a ingresar al CEIS y a un penal, ademas seguir\u00e1 habiendo cambios en comandancias, se sumar\u00e1n m\u00e1s mujeres, as\u00ed lo dio a conocer el secretario de Seguridad P\u00fablica, Cuauht\u00e9moc Z\u00fa\u00f1iga Bonilla. En entrevista respecto de las alertas de seguridad emitidas por Estados Unidos, rechaz\u00f3 que est\u00e9n ocurriendo robos o [&hellip;]<\/p>\n","protected":false},"author":2476,"featured_media":48361,"comment_status":"open","ping_status":"open","sticky":false,"template":"","format":"standard","meta":{"_jetpack_memberships_contains_paid_content":false,"footnotes":""},"categories":[2],"tags":[],"class_list":["post-48360","post","type-post","status-publish","format-standard","has-post-thumbnail","hentry","category-estado"],"jetpack_featured_media_url":"https:\/\/encuentroinformativo.com.mx\/wp-content\/uploads\/2023\/12\/IMG-20231208-WA00852-scaled.jpg","jetpack_sharing_enabled":true,"jetpack_likes_enabled":true,"amp_enabled":true,"_links":{"self":[{"href":"https:\/\/encuentroinformativo.com.mx\/index.php?rest_route=\/wp\/v2\/posts\/48360","targetHints":{"allow":["GET"]}}],"collection":[{"href":"https:\/\/encuentroinformativo.com.mx\/index.php?rest_route=\/wp\/v2\/posts"}],"about":[{"href":"https:\/\/encuentroinformativo.com.mx\/index.php?rest_route=\/wp\/v2\/types\/post"}],"author":[{"embeddable":true,"href":"https:\/\/encuentroinformativo.com.mx\/index.php?rest_route=\/wp\/v2\/users\/2476"}],"replies":[{"embeddable":true,"href":"https:\/\/encuentroinformativo.com.mx\/index.php?rest_route=%2Fwp%2Fv2%2Fcomments&post=48360"}],"version-history":[{"count":1,"href":"https:\/\/encuentroinformativo.com.mx\/index.php?rest_route=\/wp\/v2\/posts\/48360\/revisions"}],"predecessor-version":[{"id":48362,"href":"https:\/\/encuentroinformativo.com.mx\/index.php?rest_route=\/wp\/v2\/posts\/48360\/revisions\/48362"}],"wp:featuredmedia":[{"embeddable":true,"href":"https:\/\/encuentroinformativo.com.mx\/index.php?rest_route=\/wp\/v2\/media\/48361"}],"wp:attachment":[{"href":"https:\/\/encuentroinformativo.com.mx\/index.php?rest_route=%2Fwp%2Fv2%2Fmedia&parent=48360"}],"wp:term":[{"taxonomy":"category","embeddable":true,"href":"https:\/\/encuentroinformativo.com.mx\/index.php?rest_route=%2Fwp%2Fv2%2Fcategories&post=48360"},{"taxonomy":"post_tag","embeddable":true,"href":"https:\/\/encuentroinformativo.com.mx\/index.php?rest_route=%2Fwp%2Fv2%2Ftags&post=48360"}],"curies":[{"name":"wp","href":"https:\/\/api.w.org\/{rel}","templated":true}]}}