{"id":48363,"date":"2023-12-08T21:27:02","date_gmt":"2023-12-09T03:27:02","guid":{"rendered":"https:\/\/encuentroinformativo.com.mx\/?p=48363"},"modified":"2023-12-08T21:27:07","modified_gmt":"2023-12-09T03:27:07","slug":"conviven-autoridades-con-nna-de-la-aldea-meced","status":"publish","type":"post","link":"https:\/\/encuentroinformativo.com.mx\/?p=48363","title":{"rendered":"Conviven autoridades con NNA de la Aldea Meced"},"content":{"rendered":"\n<p><strong>*Organizan DIF y Conmas posada en la Aldea Meced.<\/strong><\/p>\n\n\n\n<p>Xalapa, Ver.- Esta es la nueva Administraci\u00f3n P\u00fablica, una que atiende a la ciudadan\u00eda de manera integral, en todas sus etapas, afirm\u00f3 el presidente municipal Ricardo Ahued Bardahuil durante la posada organizada por el Sistema DIF Municipal y el Consejo Municipal para la Asistencia Social (Conmas) en la Aldea Meced.<\/p>\n\n\n\n<p>En la convivencia, que incluy\u00f3 la entrega de obsequios a ni\u00f1as, ni\u00f1os y adolescentes, el Edil destac\u00f3 el trabajo del director del DIF Municipal, Alejandro del Angel Aguilar y de la directora del CONMAS, M\u00f3nica Gasper\u00edn S\u00e1nchez, pues consider\u00f3 que en estas instituciones, las infancias se encuentran en buenas manos, recibiendo atenci\u00f3n con entusiasmo y coraz\u00f3n de parte del funcionariado.<\/p>\n\n\n\n<p>De acuerdo con el director del DIF, la tutela de los ni\u00f1os residentes de la Aldea Meced representa una de las 59 acciones que el Sistema lleva a cabo, mismas que no ser\u00edan posibles sin el respaldo constante del CONMAS, al tiempo que reiter\u00f3 el compromiso de seguir trabajando en favor de la ni\u00f1ez y los adolescentes.<\/p>\n\n\n\n<p>En el evento que tambien estuvo dedicado a las ni\u00f1as residentes del Centro de Asistencia Social para Mujeres Adolescentes (CASMA) &#8220;Altagracia Mercado&#8221;, asistieron las regidoras Martha Valentina Dom\u00ednguez V\u00e1squez y Mar\u00eda Guadalupe M\u00e1rquez Leonardo, los regidores Carlos Rugerio Mart\u00ednez y Alfonso Marcos Garc\u00eda Castillo; la procuradora municipal de la Defensa de las Ni\u00f1as, Ni\u00f1os y Adolescente, Mar\u00eda Luisa Sanchez Ocampo; el Secretario de Finanzas y Planeaci\u00f3n, Jos\u00e9 Luis Lima Franco y funcionariado municipal.<\/p>\n","protected":false},"excerpt":{"rendered":"<p>*Organizan DIF y Conmas posada en la Aldea Meced. Xalapa, Ver.- Esta es la nueva Administraci\u00f3n P\u00fablica, una que atiende a la ciudadan\u00eda de manera integral, en todas sus etapas, afirm\u00f3 el presidente municipal Ricardo Ahued Bardahuil durante la posada organizada por el Sistema DIF Municipal y el Consejo Municipal para la Asistencia Social (Conmas) [&hellip;]<\/p>\n","protected":false},"author":2476,"featured_media":48365,"comment_status":"open","ping_status":"open","sticky":false,"template":"","format":"standard","meta":{"_jetpack_memberships_contains_paid_content":false,"footnotes":""},"categories":[3],"tags":[],"class_list":["post-48363","post","type-post","status-publish","format-standard","has-post-thumbnail","hentry","category-xalapa"],"jetpack_featured_media_url":"https:\/\/encuentroinformativo.com.mx\/wp-content\/uploads\/2023\/12\/IMG-20231208-WA01263-scaled.jpg","jetpack_sharing_enabled":true,"jetpack_likes_enabled":true,"amp_enabled":true,"_links":{"self":[{"href":"https:\/\/encuentroinformativo.com.mx\/index.php?rest_route=\/wp\/v2\/posts\/48363","targetHints":{"allow":["GET"]}}],"collection":[{"href":"https:\/\/encuentroinformativo.com.mx\/index.php?rest_route=\/wp\/v2\/posts"}],"about":[{"href":"https:\/\/encuentroinformativo.com.mx\/index.php?rest_route=\/wp\/v2\/types\/post"}],"author":[{"embeddable":true,"href":"https:\/\/encuentroinformativo.com.mx\/index.php?rest_route=\/wp\/v2\/users\/2476"}],"replies":[{"embeddable":true,"href":"https:\/\/encuentroinformativo.com.mx\/index.php?rest_route=%2Fwp%2Fv2%2Fcomments&post=48363"}],"version-history":[{"count":1,"href":"https:\/\/encuentroinformativo.com.mx\/index.php?rest_route=\/wp\/v2\/posts\/48363\/revisions"}],"predecessor-version":[{"id":48366,"href":"https:\/\/encuentroinformativo.com.mx\/index.php?rest_route=\/wp\/v2\/posts\/48363\/revisions\/48366"}],"wp:featuredmedia":[{"embeddable":true,"href":"https:\/\/encuentroinformativo.com.mx\/index.php?rest_route=\/wp\/v2\/media\/48365"}],"wp:attachment":[{"href":"https:\/\/encuentroinformativo.com.mx\/index.php?rest_route=%2Fwp%2Fv2%2Fmedia&parent=48363"}],"wp:term":[{"taxonomy":"category","embeddable":true,"href":"https:\/\/encuentroinformativo.com.mx\/index.php?rest_route=%2Fwp%2Fv2%2Fcategories&post=48363"},{"taxonomy":"post_tag","embeddable":true,"href":"https:\/\/encuentroinformativo.com.mx\/index.php?rest_route=%2Fwp%2Fv2%2Ftags&post=48363"}],"curies":[{"name":"wp","href":"https:\/\/api.w.org\/{rel}","templated":true}]}}