{"id":48373,"date":"2023-12-09T13:36:02","date_gmt":"2023-12-09T19:36:02","guid":{"rendered":"https:\/\/encuentroinformativo.com.mx\/?p=48373"},"modified":"2023-12-09T13:36:08","modified_gmt":"2023-12-09T19:36:08","slug":"a-un-ano-sin-pistas-de-fatima-cristal","status":"publish","type":"post","link":"https:\/\/encuentroinformativo.com.mx\/?p=48373","title":{"rendered":"A un a\u00f1o, sin pistas de F\u00e1tima Cristal"},"content":{"rendered":"\n<p><strong>Dar\u00edo Pale <\/strong><\/p>\n\n\n\n<p>Xalapa, Ver.- Rabia e impotencia porque pas\u00f3 un a\u00f1o y la Fiscal\u00eda General del Estado (FGE) no busc\u00f3 a F\u00e1tima, por lo que su t\u00eda Guadalupe Rub\u00ed Romero Gonz\u00e1lez exige una audiencia con la fiscal Ver\u00f3nica Hern\u00e1ndez Giad\u00e1ns.<\/p>\n\n\n\n<p>Entrevistada durante la manifestaci\u00f3n la t\u00eda de la menor desaparecida en el municipio de Villa Aldama, F\u00e1tima Cristal, reproch\u00f3 que a un a\u00f1o de su desaparici\u00f3n, no haya l\u00ednea de investigaci\u00f3n ni avances.<\/p>\n\n\n\n<p>Sostuvo que la investigaci\u00f3n sigue igual, lo cual le da mucho coraje e impotencia porque confi\u00f3 en las autoridades, pero m\u00e1s que fallarle a ella, le fallaron a F\u00e1tima porque no la buscaron.<\/p>\n\n\n\n<p>&#8220;Es una tortura tener a un ser amado desaparecido. Es horrible. Cuando alguien se muere pues ya, te conformas, vives t\u00fa luto, lloras y te haces a la idea de que pas\u00f3 a mejor vida&#8221;, se\u00f1al\u00f3.<\/p>\n\n\n\n<p>&#8220;Pero mi ni\u00f1a no s\u00e9 en qu\u00e9 condiciones est\u00e1. S\u00e9 que est\u00e1 viva, lo siento, lo presentimos quienes la queremos. Duelen comentarios como el del Gobernador que dijo que qui\u00e9n era yo para buscarla, me dio mucho coraje porque no tiene padre&#8221;, agreg\u00f3.<\/p>\n\n\n\n<p>Exigi\u00f3 a la fiscal general, Ver\u00f3nica Hern\u00e1ndez Giad\u00e1ns le de una audiencia para que presione a la fiscal encargada del caso o que haya un cambio, aunque reconoci\u00f3 que eso conlleva un retroceso.<\/p>\n\n\n\n<p>&#8220;Nosotros pusimos la denuncia en las primeras horas que la ni\u00f1a desapareci\u00f3. Siempre dicen en los carteles que no hay que esperar ni 24, 48 o 72 horas para presentar la denuncia y, pues no es cierto. Ellos no activaron el protocolo de b\u00fasqueda de mi ni\u00f1a en las primeras horas&#8221;, coment\u00f3.<\/p>\n\n\n\n<p>&#8220;Era un 10 diciembre, un s\u00e1bado como hoy y ya estaban de vacaciones, no ten\u00edan el personal, ni las unidades, los que buscamos a la ni\u00f1a fuimos nosotros, la familia, ni la Comisi\u00f3n Estatal de B\u00fasqueda ni la Fiscal\u00eda&#8221;, reproch\u00f3.<\/p>\n\n\n\n<p>A lo largo de este a\u00f1o los funcionarios de la Fiscal\u00eda General del Estado tardaron mucho en comenzar a investigar, pero no lo hicieron bien, adem\u00e1s mucha gente se acerc\u00f3 a dar informaci\u00f3n, pero la Fiscal\u00eda no tom\u00f3 los testimonios.<\/p>\n\n\n\n<p>&#8220;A un a\u00f1o seguimos en las mismas, sin una l\u00ednea de investigaci\u00f3n, da coraje que el Gobernador se lave las manos cuando yo me met\u00ed de contrabando a una reuni\u00f3n que tuvo a puerta cerrada con los colectivos, a la que no me permitieron entrar y me dijeron que a la que le ten\u00eda que exigir es a Ver\u00f3nica (Hern\u00e1ndez Giad\u00e1ns)&#8221;, refiri\u00f3.<\/p>\n\n\n\n<p>Critic\u00f3 que al d\u00eda de hoy la Fiscal no quiera dar informaci\u00f3n del asunto y solo conteste que por la secrec\u00eda de la indagatoria no puede dar datos.<\/p>\n\n\n\n<p>Por \u00faltimo coment\u00f3 que, &#8220;\u00bfCu\u00e1l secrec\u00eda, si ni siquiera tienen informaci\u00f3n. Como Fiscal\u00eda no hacen bien su trabajo. No tienen el personal suficiente para esta \u00e1rea, no tienen al personal debidamente capacitado&#8221;.<\/p>\n","protected":false},"excerpt":{"rendered":"<p>Dar\u00edo Pale Xalapa, Ver.- Rabia e impotencia porque pas\u00f3 un a\u00f1o y la Fiscal\u00eda General del Estado (FGE) no busc\u00f3 a F\u00e1tima, por lo que su t\u00eda Guadalupe Rub\u00ed Romero Gonz\u00e1lez exige una audiencia con la fiscal Ver\u00f3nica Hern\u00e1ndez Giad\u00e1ns. Entrevistada durante la manifestaci\u00f3n la t\u00eda de la menor desaparecida en el municipio de Villa [&hellip;]<\/p>\n","protected":false},"author":2476,"featured_media":48374,"comment_status":"open","ping_status":"open","sticky":false,"template":"","format":"standard","meta":{"_jetpack_memberships_contains_paid_content":false,"footnotes":""},"categories":[8],"tags":[],"class_list":["post-48373","post","type-post","status-publish","format-standard","has-post-thumbnail","hentry","category-region"],"jetpack_featured_media_url":"https:\/\/encuentroinformativo.com.mx\/wp-content\/uploads\/2023\/12\/IMG-20231209-WA0006.jpg","jetpack_sharing_enabled":true,"jetpack_likes_enabled":true,"amp_enabled":true,"_links":{"self":[{"href":"https:\/\/encuentroinformativo.com.mx\/index.php?rest_route=\/wp\/v2\/posts\/48373","targetHints":{"allow":["GET"]}}],"collection":[{"href":"https:\/\/encuentroinformativo.com.mx\/index.php?rest_route=\/wp\/v2\/posts"}],"about":[{"href":"https:\/\/encuentroinformativo.com.mx\/index.php?rest_route=\/wp\/v2\/types\/post"}],"author":[{"embeddable":true,"href":"https:\/\/encuentroinformativo.com.mx\/index.php?rest_route=\/wp\/v2\/users\/2476"}],"replies":[{"embeddable":true,"href":"https:\/\/encuentroinformativo.com.mx\/index.php?rest_route=%2Fwp%2Fv2%2Fcomments&post=48373"}],"version-history":[{"count":1,"href":"https:\/\/encuentroinformativo.com.mx\/index.php?rest_route=\/wp\/v2\/posts\/48373\/revisions"}],"predecessor-version":[{"id":48375,"href":"https:\/\/encuentroinformativo.com.mx\/index.php?rest_route=\/wp\/v2\/posts\/48373\/revisions\/48375"}],"wp:featuredmedia":[{"embeddable":true,"href":"https:\/\/encuentroinformativo.com.mx\/index.php?rest_route=\/wp\/v2\/media\/48374"}],"wp:attachment":[{"href":"https:\/\/encuentroinformativo.com.mx\/index.php?rest_route=%2Fwp%2Fv2%2Fmedia&parent=48373"}],"wp:term":[{"taxonomy":"category","embeddable":true,"href":"https:\/\/encuentroinformativo.com.mx\/index.php?rest_route=%2Fwp%2Fv2%2Fcategories&post=48373"},{"taxonomy":"post_tag","embeddable":true,"href":"https:\/\/encuentroinformativo.com.mx\/index.php?rest_route=%2Fwp%2Fv2%2Ftags&post=48373"}],"curies":[{"name":"wp","href":"https:\/\/api.w.org\/{rel}","templated":true}]}}