{"id":4838,"date":"2020-08-11T15:22:44","date_gmt":"2020-08-11T20:22:44","guid":{"rendered":"https:\/\/encuentroinformativo.com\/?p=4838"},"modified":"2020-08-11T15:22:47","modified_gmt":"2020-08-11T20:22:47","slug":"con-clases-virtuales-se-registrara-rezago-educativo-sindicatos","status":"publish","type":"post","link":"https:\/\/encuentroinformativo.com.mx\/?p=4838","title":{"rendered":"Con clases virtuales se registrar\u00e1 rezago educativo: Sindicatos"},"content":{"rendered":"\n<p><strong>Juan Arcos <\/strong><\/p>\n\n\n\n<p>Xalapa, Ver.- En Veracruz podr\u00eda presentarse un rezago educativo por la falta de condiciones para el regreso a clases en l\u00ednea, programado para el pr\u00f3ximo 24 de agosto en el estado de Veracruz.<\/p>\n\n\n\n<p>As\u00ed lo consider\u00f3 Ram\u00f3n Dom\u00ednguez Polo, secretario general del Sindicato Magisterial Veracruzano (SMV), quien a\u00f1adi\u00f3 que en la entidad hay zonas rurales que carecen de energ\u00eda el\u00e9ctrica para acceder a las clases televisadas o transmitidas a trav\u00e9s de radio.<\/p>\n\n\n\n<p>\u201cHay alumnos que tienen posibilidad de tener computadora, celular, internet, de todo, pero hay alumnos que no tienen ni un tel\u00e9fono. Es un problema, en algunas comunidades no hay energ\u00eda el\u00e9ctrica otras no tienen computadoras, tel\u00e9fono, se\u00f1al de internet\u201d.<\/p>\n\n\n\n<p>El l\u00edder sindical mencion\u00f3 que algunos docentes tampoco cuentan con acceso a internet, lo que ha dificultado la comunicaci\u00f3n con sus alumnos durante la pandemia del SARS-COV-2 (COVID-19).<\/p>\n\n\n\n<p>Dom\u00ednguez Polo indic\u00f3 que, aunque en esos lugares la Secretar\u00eda de Educaci\u00f3n de Veracruz (SEV) entregar\u00eda cuadernillos, los docentes no podr\u00e1n resolver las dudas de los estudiantes por falta de comunicaci\u00f3n.<\/p>\n\n\n\n<p>El entrevistado mencion\u00f3 que los padres de familia carecen de tiempo para ayudar a sus hijos con sus temas acad\u00e9micos, debido a que tienen que trabajar para llevar el sustento a sus familias.<\/p>\n\n\n\n<p>\u201cEl pap\u00e1 no va a poder orientar al alumno, una, est\u00e1 trabajando, otra, tiene que ver los medios para ver c\u00f3mo lleva alimentos a su casa. El alumno va a estar solo, aqu\u00ed lo que falta es el acompa\u00f1amiento del profesor\u201d.<\/p>\n\n\n\n<p>A su juicio, se podr\u00eda un presentar un \u201cd\u00e9ficit pedag\u00f3gico\u201d, al no existir retroalimentaci\u00f3n entre los estudiantes y los docentes.<\/p>\n\n\n\n<p>A\u00f1adi\u00f3 que los gobiernos han cumplido con brindar cursos de capacitaci\u00f3n a los maestros y la entrega de cuadernillos en comunidades alejadas.<\/p>\n\n\n\n<p>Sin embargo, el l\u00edder sindical opin\u00f3 qu\u00e9 hay m\u00e1s problemas que deben resolverse para evitar un rezago educativo, a causa de la pandemia.<\/p>\n\n\n\n<p><\/p>\n","protected":false},"excerpt":{"rendered":"<p>Juan Arcos Xalapa, Ver.- En Veracruz podr\u00eda presentarse un rezago educativo por la falta de condiciones para el regreso a clases en l\u00ednea, programado para el pr\u00f3ximo 24 de agosto en el estado de Veracruz. As\u00ed lo consider\u00f3 Ram\u00f3n Dom\u00ednguez Polo, secretario general del Sindicato Magisterial Veracruzano (SMV), quien a\u00f1adi\u00f3 que en la entidad hay [&hellip;]<\/p>\n","protected":false},"author":1,"featured_media":4839,"comment_status":"open","ping_status":"open","sticky":false,"template":"","format":"standard","meta":{"_jetpack_memberships_contains_paid_content":false,"footnotes":""},"categories":[2],"tags":[],"class_list":["post-4838","post","type-post","status-publish","format-standard","has-post-thumbnail","hentry","category-estado"],"jetpack_featured_media_url":"https:\/\/encuentroinformativo.com.mx\/wp-content\/uploads\/2020\/08\/BD54B8C3-57C8-4B74-ABC4-E6867EDDE58B.jpeg","jetpack_sharing_enabled":true,"jetpack_likes_enabled":true,"amp_enabled":true,"_links":{"self":[{"href":"https:\/\/encuentroinformativo.com.mx\/index.php?rest_route=\/wp\/v2\/posts\/4838","targetHints":{"allow":["GET"]}}],"collection":[{"href":"https:\/\/encuentroinformativo.com.mx\/index.php?rest_route=\/wp\/v2\/posts"}],"about":[{"href":"https:\/\/encuentroinformativo.com.mx\/index.php?rest_route=\/wp\/v2\/types\/post"}],"author":[{"embeddable":true,"href":"https:\/\/encuentroinformativo.com.mx\/index.php?rest_route=\/wp\/v2\/users\/1"}],"replies":[{"embeddable":true,"href":"https:\/\/encuentroinformativo.com.mx\/index.php?rest_route=%2Fwp%2Fv2%2Fcomments&post=4838"}],"version-history":[{"count":1,"href":"https:\/\/encuentroinformativo.com.mx\/index.php?rest_route=\/wp\/v2\/posts\/4838\/revisions"}],"predecessor-version":[{"id":4840,"href":"https:\/\/encuentroinformativo.com.mx\/index.php?rest_route=\/wp\/v2\/posts\/4838\/revisions\/4840"}],"wp:featuredmedia":[{"embeddable":true,"href":"https:\/\/encuentroinformativo.com.mx\/index.php?rest_route=\/wp\/v2\/media\/4839"}],"wp:attachment":[{"href":"https:\/\/encuentroinformativo.com.mx\/index.php?rest_route=%2Fwp%2Fv2%2Fmedia&parent=4838"}],"wp:term":[{"taxonomy":"category","embeddable":true,"href":"https:\/\/encuentroinformativo.com.mx\/index.php?rest_route=%2Fwp%2Fv2%2Fcategories&post=4838"},{"taxonomy":"post_tag","embeddable":true,"href":"https:\/\/encuentroinformativo.com.mx\/index.php?rest_route=%2Fwp%2Fv2%2Ftags&post=4838"}],"curies":[{"name":"wp","href":"https:\/\/api.w.org\/{rel}","templated":true}]}}