{"id":48383,"date":"2023-12-09T17:31:31","date_gmt":"2023-12-09T23:31:31","guid":{"rendered":"https:\/\/encuentroinformativo.com.mx\/?p=48383"},"modified":"2023-12-09T17:31:36","modified_gmt":"2023-12-09T23:31:36","slug":"familiares-continuan-busqueda-de-ivan-pastrana-desaparecido-en-coatepec","status":"publish","type":"post","link":"https:\/\/encuentroinformativo.com.mx\/?p=48383","title":{"rendered":"Familiares contin\u00faan b\u00fasqueda de Iv\u00e1n Pastrana desaparecido en Coatepec"},"content":{"rendered":"\n<p><strong>Dar\u00edo Pale <\/strong><\/p>\n\n\n\n<p>Xalapa, Ver.- La se\u00f1ora Mar\u00eda del Carmen Ayala Vargas madre de Ivan Pastrana quien est\u00e1 desparecido en Coatepec dijo &#8220;no busco al culpable, s\u00f3lo quiero recuperar a mi hijo\u201d, \u00a0quien fue visto por \u00faltima vez el 11 de agosto de 2021 en Coatepec.\u00a0<\/p>\n\n\n\n<p>Mujeres que lo habr\u00edan esperado en la Unidad de Procuraci\u00f3n de Justicia de ese municipio lo videograbaron rodeado de varios polic\u00edas.\u00a0Los uniformados rechazaron amedrentarlo pero no explicaron por qu\u00e9 lo inspeccionaban junto al taxi que conduc\u00eda. Iv\u00e1n lleva 2 a\u00f1os y 3 meses desaparecido.\u00a0<\/p>\n\n\n\n<p>Desde entonces el caso del joven de 35 a\u00f1os originario de Metepec, Estado de M\u00e9xico, es considerado un caso de desaparici\u00f3n forzada por el que su familia sigue exigiendo justicia.<\/p>\n\n\n\n<p>\u201cNosotros presumimos una desaparici\u00f3n forzada toda vez que la \u00faltima vez que se le vio con vida a mi hijo estaba precisamente rodeado de polic\u00edas\u201d, menciona , madre de Iv\u00e1n.<\/p>\n\n\n\n<p>En cuanto su exnovia dio a conocer la desaparici\u00f3n de Iv\u00e1n sus familiares viajaron a Veracruz para emprender su b\u00fasqueda.\u00a0Acudieron ante la Fiscal\u00eda General del Estado para denunciar su desaparici\u00f3n, aunque un comandante de apellido Bola\u00f1os les inform\u00f3 que Iv\u00e1n estaba detenido.<\/p>\n\n\n\n<p>\u201cNosotros pensamos que al ser detenido justo afuera de la Unidad de Procuraci\u00f3n de Justicia de Coatepec tendr\u00edan raz\u00f3n. Pero de igual manera nos dijeron que mi hermano nunca estuvo a disposici\u00f3n de ellos\u201d, se\u00f1ala Mariana Hern\u00e1ndez Ayala, hermana de Iv\u00e1n.<\/p>\n\n\n\n<p>Los familiares emprendieron un \u2018viacrucis\u2019 para buscar a Iv\u00e1n en oficinas y cuarteles de Xalapa, as\u00ed como en la Unidad de Procuraci\u00f3n de Justicia de Coatepec.<\/p>\n\n\n\n<p>Y es que en esta instancia Iv\u00e1n habr\u00eda sido citado para declarar tras la desaparici\u00f3n de un costarricense, amistad por la que incluso se realiz\u00f3 una conferencia de prensa en la que particip\u00f3 para exigir su reaparici\u00f3n con vida.\u00a0Aunque fue as\u00ed como descubrieron una red de irregularidades y contrariedades tejida por las instancias involucradas.\u00a0Esta misma red podr\u00eda influir en las investigaciones integradas en Veracruz en 2021, a\u00f1o en el que de acuerdo al gobierno desaparecieron 114 personas.<\/p>\n\n\n\n<p>De acuerdo al Registro Nacional de Personas Desaparecidas y no Localizadas, de estas 114 personas 30 siguen sin ser encontradas y 3 fueron halladas sin vida.\u00a0Pero los colectivos y grupos de b\u00fasqueda afirman que en realidad m\u00e1s de 599 v\u00edctimas no habr\u00edan regresado a su hogar ese mismo a\u00f1o.<\/p>\n\n\n\n<p>Finalmente Mar\u00eda del Carmen Ayala coment\u00f3, \u201cno busco al culpable, no quiero saber qui\u00e9n fue, c\u00f3mo fue, simplemente quiero recuperar a mi hijo\u201d.<\/p>\n","protected":false},"excerpt":{"rendered":"<p>Dar\u00edo Pale Xalapa, Ver.- La se\u00f1ora Mar\u00eda del Carmen Ayala Vargas madre de Ivan Pastrana quien est\u00e1 desparecido en Coatepec dijo &#8220;no busco al culpable, s\u00f3lo quiero recuperar a mi hijo\u201d, \u00a0quien fue visto por \u00faltima vez el 11 de agosto de 2021 en Coatepec.\u00a0 Mujeres que lo habr\u00edan esperado en la Unidad de Procuraci\u00f3n [&hellip;]<\/p>\n","protected":false},"author":2476,"featured_media":48384,"comment_status":"open","ping_status":"open","sticky":false,"template":"","format":"standard","meta":{"_jetpack_memberships_contains_paid_content":false,"footnotes":""},"categories":[8],"tags":[],"class_list":["post-48383","post","type-post","status-publish","format-standard","has-post-thumbnail","hentry","category-region"],"jetpack_featured_media_url":"https:\/\/encuentroinformativo.com.mx\/wp-content\/uploads\/2023\/12\/IMG-20231209-WA0032.jpg","jetpack_sharing_enabled":true,"jetpack_likes_enabled":true,"amp_enabled":true,"_links":{"self":[{"href":"https:\/\/encuentroinformativo.com.mx\/index.php?rest_route=\/wp\/v2\/posts\/48383","targetHints":{"allow":["GET"]}}],"collection":[{"href":"https:\/\/encuentroinformativo.com.mx\/index.php?rest_route=\/wp\/v2\/posts"}],"about":[{"href":"https:\/\/encuentroinformativo.com.mx\/index.php?rest_route=\/wp\/v2\/types\/post"}],"author":[{"embeddable":true,"href":"https:\/\/encuentroinformativo.com.mx\/index.php?rest_route=\/wp\/v2\/users\/2476"}],"replies":[{"embeddable":true,"href":"https:\/\/encuentroinformativo.com.mx\/index.php?rest_route=%2Fwp%2Fv2%2Fcomments&post=48383"}],"version-history":[{"count":1,"href":"https:\/\/encuentroinformativo.com.mx\/index.php?rest_route=\/wp\/v2\/posts\/48383\/revisions"}],"predecessor-version":[{"id":48385,"href":"https:\/\/encuentroinformativo.com.mx\/index.php?rest_route=\/wp\/v2\/posts\/48383\/revisions\/48385"}],"wp:featuredmedia":[{"embeddable":true,"href":"https:\/\/encuentroinformativo.com.mx\/index.php?rest_route=\/wp\/v2\/media\/48384"}],"wp:attachment":[{"href":"https:\/\/encuentroinformativo.com.mx\/index.php?rest_route=%2Fwp%2Fv2%2Fmedia&parent=48383"}],"wp:term":[{"taxonomy":"category","embeddable":true,"href":"https:\/\/encuentroinformativo.com.mx\/index.php?rest_route=%2Fwp%2Fv2%2Fcategories&post=48383"},{"taxonomy":"post_tag","embeddable":true,"href":"https:\/\/encuentroinformativo.com.mx\/index.php?rest_route=%2Fwp%2Fv2%2Ftags&post=48383"}],"curies":[{"name":"wp","href":"https:\/\/api.w.org\/{rel}","templated":true}]}}