{"id":48393,"date":"2023-12-10T15:54:11","date_gmt":"2023-12-10T21:54:11","guid":{"rendered":"https:\/\/encuentroinformativo.com.mx\/?p=48393"},"modified":"2023-12-10T15:55:08","modified_gmt":"2023-12-10T21:55:08","slug":"localizan-a-irlandes-desparecido-en-veracruz","status":"publish","type":"post","link":"https:\/\/encuentroinformativo.com.mx\/?p=48393","title":{"rendered":"Localizan a irland\u00e9s desaparecido en Veracruz"},"content":{"rendered":"\n<p><strong>Juan Arcos <\/strong><\/p>\n\n\n\n<p>Xalapa, Ver.- La Comisi\u00f3n Estatal de B\u00fasqueda de Veracruz confirm\u00f3 la localizaci\u00f3n de Sean Alexander Dempsey, de origen irland\u00e9s, quien hab\u00eda sido reportado como desaparecido en el puerto de Veracruz.<\/p>\n\n\n\n<p>El joven de 33 a\u00f1os hab\u00eda sido visto por \u00faltima vez en la ciudad de Veracruz durante el viernes 8 de diciembre.<\/p>\n\n\n\n<p>Por tal motivo, la Comisi\u00f3n de B\u00fasqueda emiti\u00f3 la ficha con sus se\u00f1as particulares y su fotograf\u00eda para su localizaci\u00f3n, cuyos datos fueron difundidos en redes sociales de las nueve de la ma\u00f1ana del s\u00e1bado.<\/p>\n\n\n\n<p>La dependencia estatal indic\u00f3 que exist\u00eda la posibilidad de que la integridad f\u00edsica de la persona pudiera encontrarse en riesgo, al ser v\u00edctima de la comisi\u00f3n de un delito.<\/p>\n\n\n\n<p>Sin embargo, despu\u00e9s de unas horas, se actualiz\u00f3 la ficha del desaparecido con la leyenda \u201clocalizado\u201d.<\/p>\n\n\n\n<p>Al momento, las autoridades no han proporcionado m\u00e1s informaci\u00f3n sobre las condiciones en que fue encontrado el extranjero.<\/p>\n\n\n\n<p>Los familiares y conocidos de Sean Alexander perdieron comunicaci\u00f3n con \u00e9l durante el viernes pasado y, por ello, reportaron el caso a las autoridades.<\/p>\n","protected":false},"excerpt":{"rendered":"<p>Juan Arcos Xalapa, Ver.- La Comisi\u00f3n Estatal de B\u00fasqueda de Veracruz confirm\u00f3 la localizaci\u00f3n de Sean Alexander Dempsey, de origen irland\u00e9s, quien hab\u00eda sido reportado como desaparecido en el puerto de Veracruz. El joven de 33 a\u00f1os hab\u00eda sido visto por \u00faltima vez en la ciudad de Veracruz durante el viernes 8 de diciembre. Por [&hellip;]<\/p>\n","protected":false},"author":2476,"featured_media":48394,"comment_status":"open","ping_status":"open","sticky":false,"template":"","format":"standard","meta":{"_jetpack_memberships_contains_paid_content":false,"footnotes":""},"categories":[2],"tags":[],"class_list":["post-48393","post","type-post","status-publish","format-standard","has-post-thumbnail","hentry","category-estado"],"jetpack_featured_media_url":"https:\/\/encuentroinformativo.com.mx\/wp-content\/uploads\/2023\/12\/IMG_3247.jpg","jetpack_sharing_enabled":true,"jetpack_likes_enabled":true,"amp_enabled":true,"_links":{"self":[{"href":"https:\/\/encuentroinformativo.com.mx\/index.php?rest_route=\/wp\/v2\/posts\/48393","targetHints":{"allow":["GET"]}}],"collection":[{"href":"https:\/\/encuentroinformativo.com.mx\/index.php?rest_route=\/wp\/v2\/posts"}],"about":[{"href":"https:\/\/encuentroinformativo.com.mx\/index.php?rest_route=\/wp\/v2\/types\/post"}],"author":[{"embeddable":true,"href":"https:\/\/encuentroinformativo.com.mx\/index.php?rest_route=\/wp\/v2\/users\/2476"}],"replies":[{"embeddable":true,"href":"https:\/\/encuentroinformativo.com.mx\/index.php?rest_route=%2Fwp%2Fv2%2Fcomments&post=48393"}],"version-history":[{"count":2,"href":"https:\/\/encuentroinformativo.com.mx\/index.php?rest_route=\/wp\/v2\/posts\/48393\/revisions"}],"predecessor-version":[{"id":48396,"href":"https:\/\/encuentroinformativo.com.mx\/index.php?rest_route=\/wp\/v2\/posts\/48393\/revisions\/48396"}],"wp:featuredmedia":[{"embeddable":true,"href":"https:\/\/encuentroinformativo.com.mx\/index.php?rest_route=\/wp\/v2\/media\/48394"}],"wp:attachment":[{"href":"https:\/\/encuentroinformativo.com.mx\/index.php?rest_route=%2Fwp%2Fv2%2Fmedia&parent=48393"}],"wp:term":[{"taxonomy":"category","embeddable":true,"href":"https:\/\/encuentroinformativo.com.mx\/index.php?rest_route=%2Fwp%2Fv2%2Fcategories&post=48393"},{"taxonomy":"post_tag","embeddable":true,"href":"https:\/\/encuentroinformativo.com.mx\/index.php?rest_route=%2Fwp%2Fv2%2Ftags&post=48393"}],"curies":[{"name":"wp","href":"https:\/\/api.w.org\/{rel}","templated":true}]}}