{"id":48397,"date":"2023-12-10T15:58:35","date_gmt":"2023-12-10T21:58:35","guid":{"rendered":"https:\/\/encuentroinformativo.com.mx\/?p=48397"},"modified":"2023-12-10T15:58:40","modified_gmt":"2023-12-10T21:58:40","slug":"vientos-del-norte-dejan-afectaciones-en-municipios-veracruzanos","status":"publish","type":"post","link":"https:\/\/encuentroinformativo.com.mx\/?p=48397","title":{"rendered":"Vientos del norte dejan afectaciones en municipios veracruzanos"},"content":{"rendered":"\n<p><strong>Juan Arcos <\/strong><\/p>\n\n\n\n<p>Xalapa, Ver.- Los fuertes vientos por el paso del Frente Fr\u00edo n\u00famero 16 en el estado de Veracruz ocasionaron afectaciones en algunos municipios, sobre todo en la zona conurbada Veracruz-Boca del R\u00edo y Xalapa, la capital.<\/p>\n\n\n\n<p>La Secretar\u00eda de Protecci\u00f3n Civil (PC), a cargo de Guadalupe Osorno Maldonado, as\u00ed como meteor\u00f3logos de la Comisi\u00f3n Nacional del Agua (Conagua), reportaron rachas superiores a los 100 kil\u00f3metros por hora en la zona costera central de la entidad.<\/p>\n\n\n\n<p>El \u201cnorte explosivo\u201d desprendi\u00f3 el techo de un cami\u00f3n del transporte p\u00fablico en la zona de la glorieta del paso a desnivel del bulevar Adolfo Ruiz Cortines, municipio de Boca del R\u00edo.<\/p>\n\n\n\n<p>Se trata de la unidad con n\u00famero econ\u00f3mico 386, cuya ruta enlaza a las ciudades de Veracruz, Boca del R\u00edo y Alvarado. El autob\u00fas blanco con franjas azules pasa por el Acuario, el parque Zamora y las plazas comerciales Am\u00e9ricas y El Dorado.<\/p>\n\n\n\n<p>Por este incidente no hay reporte de personas lesionadas; sin embargo, los pasajeros tuvieron que descender de la unidad y buscar otro medio de transporte para llegar a su destino.<\/p>\n\n\n\n<p>El ayuntamiento de Boca del R\u00edo determin\u00f3 el cierre del bulevar Manuel \u00c1vila Camacho, en el sentido de sur a norte, a la altura de la avenida Juan Pablo II, y de norte a sur en Reyes Heroles, debido al elevado oleaje.<\/p>\n\n\n\n<p>En el mismo municipio hay reporte de \u00e1rboles, postes y sem\u00e1foros ca\u00eddos por los fuertes vientos. Adem\u00e1s, dos personas resultaron con lesiones leves por el derrumbe de un \u00e1rbol sobre su veh\u00edculo.<\/p>\n\n\n\n<p>En el caso de Xalapa hubo da\u00f1os a los postes de energ\u00eda el\u00e9ctrica y se report\u00f3 la ca\u00edda de 25 \u00e1rboles en distintas zonas de la ciudad, uno de estos se desvaneci\u00f3 en el vivero municipal de la colonia Obrero Campesina, destruyendo la barda perimetral y un port\u00f3n met\u00e1lico.<\/p>\n\n\n\n<p>Tambi\u00e9n en los parques de la capital veracruzana se registr\u00f3 el desprendimiento de \u00e1rboles y ramas, como en el parque Miguel Hidalgo y Costilla, mejor conocido como Los Berros.<\/p>\n\n\n\n<p>Federico Acevedo Rosas, meteor\u00f3logo de la Secretar\u00eda de Protecci\u00f3n Civil, explic\u00f3 que el \u201cnorte explosivo\u201d adquiere ese nombre porque el viento tiende a fortalecerse r\u00e1pidamente, aunque no permanece con esa intensidad por mucho tiempo.<\/p>\n\n\n\n<p>\u201cEl t\u00e9rmino de norte explosivo es un nombre popular utilizado en las costas del estado de Veracruz para aquellos eventos de norte que se intensifican con rapidez. Por ejemplo, el d\u00eda de hoy, reci\u00e9n iniciado el evento, hubo un periodo de cinco minutos durante el cual el viento se intensific\u00f3 40 kil\u00f3metros por hora. No est\u00e1 definido de forma oficial en los glosarios meteorol\u00f3gicos\u201d, expres\u00f3 el especialista.<\/p>\n\n\n\n<figure class=\"wp-block-image size-large\"><img loading=\"lazy\" decoding=\"async\" width=\"899\" height=\"674\" src=\"https:\/\/encuentroinformativo.com.mx\/wp-content\/uploads\/2023\/12\/IMG_3281.jpg\" alt=\"\" class=\"wp-image-48399\" srcset=\"https:\/\/encuentroinformativo.com.mx\/wp-content\/uploads\/2023\/12\/IMG_3281.jpg 899w, https:\/\/encuentroinformativo.com.mx\/wp-content\/uploads\/2023\/12\/IMG_3281-300x225.jpg 300w, https:\/\/encuentroinformativo.com.mx\/wp-content\/uploads\/2023\/12\/IMG_3281-768x576.jpg 768w\" sizes=\"auto, (max-width: 899px) 100vw, 899px\" \/><\/figure>\n","protected":false},"excerpt":{"rendered":"<p>Juan Arcos Xalapa, Ver.- Los fuertes vientos por el paso del Frente Fr\u00edo n\u00famero 16 en el estado de Veracruz ocasionaron afectaciones en algunos municipios, sobre todo en la zona conurbada Veracruz-Boca del R\u00edo y Xalapa, la capital. La Secretar\u00eda de Protecci\u00f3n Civil (PC), a cargo de Guadalupe Osorno Maldonado, as\u00ed como meteor\u00f3logos de la [&hellip;]<\/p>\n","protected":false},"author":2476,"featured_media":48398,"comment_status":"open","ping_status":"open","sticky":false,"template":"","format":"standard","meta":{"_jetpack_memberships_contains_paid_content":false,"footnotes":""},"categories":[2],"tags":[],"class_list":["post-48397","post","type-post","status-publish","format-standard","has-post-thumbnail","hentry","category-estado"],"jetpack_featured_media_url":"https:\/\/encuentroinformativo.com.mx\/wp-content\/uploads\/2023\/12\/IMG_3275.jpg","jetpack_sharing_enabled":true,"jetpack_likes_enabled":true,"amp_enabled":true,"_links":{"self":[{"href":"https:\/\/encuentroinformativo.com.mx\/index.php?rest_route=\/wp\/v2\/posts\/48397","targetHints":{"allow":["GET"]}}],"collection":[{"href":"https:\/\/encuentroinformativo.com.mx\/index.php?rest_route=\/wp\/v2\/posts"}],"about":[{"href":"https:\/\/encuentroinformativo.com.mx\/index.php?rest_route=\/wp\/v2\/types\/post"}],"author":[{"embeddable":true,"href":"https:\/\/encuentroinformativo.com.mx\/index.php?rest_route=\/wp\/v2\/users\/2476"}],"replies":[{"embeddable":true,"href":"https:\/\/encuentroinformativo.com.mx\/index.php?rest_route=%2Fwp%2Fv2%2Fcomments&post=48397"}],"version-history":[{"count":1,"href":"https:\/\/encuentroinformativo.com.mx\/index.php?rest_route=\/wp\/v2\/posts\/48397\/revisions"}],"predecessor-version":[{"id":48400,"href":"https:\/\/encuentroinformativo.com.mx\/index.php?rest_route=\/wp\/v2\/posts\/48397\/revisions\/48400"}],"wp:featuredmedia":[{"embeddable":true,"href":"https:\/\/encuentroinformativo.com.mx\/index.php?rest_route=\/wp\/v2\/media\/48398"}],"wp:attachment":[{"href":"https:\/\/encuentroinformativo.com.mx\/index.php?rest_route=%2Fwp%2Fv2%2Fmedia&parent=48397"}],"wp:term":[{"taxonomy":"category","embeddable":true,"href":"https:\/\/encuentroinformativo.com.mx\/index.php?rest_route=%2Fwp%2Fv2%2Fcategories&post=48397"},{"taxonomy":"post_tag","embeddable":true,"href":"https:\/\/encuentroinformativo.com.mx\/index.php?rest_route=%2Fwp%2Fv2%2Ftags&post=48397"}],"curies":[{"name":"wp","href":"https:\/\/api.w.org\/{rel}","templated":true}]}}