{"id":48401,"date":"2023-12-10T22:38:16","date_gmt":"2023-12-11T04:38:16","guid":{"rendered":"https:\/\/encuentroinformativo.com.mx\/?p=48401"},"modified":"2023-12-10T22:38:21","modified_gmt":"2023-12-11T04:38:21","slug":"solo-danos-materiales-por-el-frente-frio-16-en-boca-del-rio-alcalde-jm-unanue","status":"publish","type":"post","link":"https:\/\/encuentroinformativo.com.mx\/?p=48401","title":{"rendered":"Solo da\u00f1os materiales por el frente fr\u00edo 16 en Boca del R\u00edo: Alcalde JM Un\u00e1nue"},"content":{"rendered":"\n<p><strong>*<em>Desde temprana hora del domingo, las diferentes \u00e1reas operativas municipales dieron puntual atenci\u00f3n a los m\u00e1s de 60 reportes ciudadanos<\/em>.<\/strong><\/p>\n\n\n\n<p>Boca del R\u00edo, Ver.- Ante el impacto del frente fr\u00edo 16 en el territorio boque\u00f1o, el alcalde Juan Manuel Un\u00e1nue Abascal, report\u00f3 saldo blanco y un total de m\u00e1s de 60 reportes que fueron atendidos en la ciudad luego de las fuertes rachas de viento de norte que se registraron durante este domingo.<\/p>\n\n\n\n<p>\u201cNo hubo lesionados ni temas mayores, hemos estado atendiendo los reportes a trav\u00e9s de las \u00e1reas operativas, Protecci\u00f3n Civil, Gobernaci\u00f3n, Polic\u00eda y Tr\u00e1nsito municipales, Alumbrado P\u00fablico, Obras P\u00fablicas, muchas situaciones en diferentes puntos de la ciudad y todas atendidas\u201d, inform\u00f3 el Presidente Municipal.<\/p>\n\n\n\n<p>De acuerdo a datos de la Secretar\u00eda de Protecci\u00f3n Civil Estatal, se registraron vientos sostenidos de 90 km\/h y rachas m\u00e1ximas de 113 km\/h.<\/p>\n\n\n\n<p>Asimismo, el edil coment\u00f3 que desde temprana hora las diferentes \u00e1reas municipales se dieron a la tarea de realizar rondines para detectar cualquier tipo de afectaci\u00f3n para atender de primera mano a la poblaci\u00f3n.<\/p>\n\n\n\n<p>Otras de las direcciones y dependencias que participan en los operativos son: Mantenimiento Urbano, Limpia P\u00fablica, as\u00ed como Polic\u00eda Estatal, Bomberos, Conurbados y Guardia Nacional.<\/p>\n\n\n\n<p>Por otra parte, la Comisi\u00f3n Federal de Electricidad (CFE), se encuentra atendiendo los reportes de cortes de energ\u00eda el\u00e9ctrica, as\u00ed como por la ca\u00edda de cables, as\u00ed como Tel\u00e9fonos de M\u00e9xico (TELMEX) por la misma situaci\u00f3n.<\/p>\n\n\n\n<p>Hasta el corte informativo, el personal del Ayuntamiento de Boca del R\u00edo atendi\u00f3 la ca\u00edda de \u00e1rboles, postes, desprendimiento de toldos, laminas desprendidas, sem\u00e1foros afectados, desprendimiento de toldo de cami\u00f3n y fachadas afectadas.<\/p>\n\n\n\n<p>Adem\u00e1s del desprendimiento de material de construcci\u00f3n, corto circuito en cableado, desprendimiento de anuncios, afectaciones en alumbrado p\u00fablico, cables ca\u00eddos, afectaci\u00f3n de anuncio de inmueble, estructura de espectacular y ca\u00edda de antena.<\/p>\n\n\n\n<p>Se mantiene cerrada la circulaci\u00f3n en el bulevar Manuel \u00c1vila Camacho en el carril Sur a Norte del tramo que comprende de la avenida Juan Pablo II hasta Ru\u00edz Cortines y en el carril Norte a Sur, del tramo que comprende de Av. Reyes Heroles y la calle M\u00e9dico Militar hasta que las rachas de viento disminuyan.<\/p>\n\n\n\n<p>Mientras que en la zona de costa, las playas permanecer\u00e1n con bandera roja por lo que se mantienen cerradas, y en tanto el personal de guardavidas lleva a cabo la vigilancia de las mismas.<\/p>\n\n\n\n<p>Por \u00faltimo, el Presidente Municipal de Boca del R\u00edo, Juan Manuel Un\u00e1nue Abascal, resalt\u00f3 que durante y despu\u00e9s de los efectos del frente fr\u00edo 16, la administraci\u00f3n municipal permanecer\u00e1 al pendiente de los reportes, pues lo m\u00e1s importante es la seguridad de los ciudadanos.<\/p>\n\n\n\n<p>Ante cualquier emergencia se pone a disposici\u00f3n los siguientes n\u00fameros: el 911 o los tel\u00e9fonos de Protecci\u00f3n Civil de Boca del R\u00edo 9 86 23 23 o al 2 02 22 22 extensi\u00f3n 3000.<\/p>\n\n\n\n<figure class=\"wp-block-image size-large\"><img loading=\"lazy\" decoding=\"async\" width=\"1024\" height=\"553\" src=\"https:\/\/encuentroinformativo.com.mx\/wp-content\/uploads\/2023\/12\/Screenshot_20231210-223045-1024x553.png\" alt=\"\" class=\"wp-image-48405\" srcset=\"https:\/\/encuentroinformativo.com.mx\/wp-content\/uploads\/2023\/12\/Screenshot_20231210-223045-1024x553.png 1024w, https:\/\/encuentroinformativo.com.mx\/wp-content\/uploads\/2023\/12\/Screenshot_20231210-223045-300x162.png 300w, https:\/\/encuentroinformativo.com.mx\/wp-content\/uploads\/2023\/12\/Screenshot_20231210-223045-768x415.png 768w, https:\/\/encuentroinformativo.com.mx\/wp-content\/uploads\/2023\/12\/Screenshot_20231210-223045.png 1080w\" sizes=\"auto, (max-width: 1024px) 100vw, 1024px\" \/><\/figure>\n","protected":false},"excerpt":{"rendered":"<p>*Desde temprana hora del domingo, las diferentes \u00e1reas operativas municipales dieron puntual atenci\u00f3n a los m\u00e1s de 60 reportes ciudadanos. Boca del R\u00edo, Ver.- Ante el impacto del frente fr\u00edo 16 en el territorio boque\u00f1o, el alcalde Juan Manuel Un\u00e1nue Abascal, report\u00f3 saldo blanco y un total de m\u00e1s de 60 reportes que fueron atendidos [&hellip;]<\/p>\n","protected":false},"author":2476,"featured_media":48402,"comment_status":"open","ping_status":"open","sticky":false,"template":"","format":"standard","meta":{"_jetpack_memberships_contains_paid_content":false,"footnotes":""},"categories":[2],"tags":[],"class_list":["post-48401","post","type-post","status-publish","format-standard","has-post-thumbnail","hentry","category-estado"],"jetpack_featured_media_url":"https:\/\/encuentroinformativo.com.mx\/wp-content\/uploads\/2023\/12\/Screenshot_20231210-223113.png","jetpack_sharing_enabled":true,"jetpack_likes_enabled":true,"amp_enabled":true,"_links":{"self":[{"href":"https:\/\/encuentroinformativo.com.mx\/index.php?rest_route=\/wp\/v2\/posts\/48401","targetHints":{"allow":["GET"]}}],"collection":[{"href":"https:\/\/encuentroinformativo.com.mx\/index.php?rest_route=\/wp\/v2\/posts"}],"about":[{"href":"https:\/\/encuentroinformativo.com.mx\/index.php?rest_route=\/wp\/v2\/types\/post"}],"author":[{"embeddable":true,"href":"https:\/\/encuentroinformativo.com.mx\/index.php?rest_route=\/wp\/v2\/users\/2476"}],"replies":[{"embeddable":true,"href":"https:\/\/encuentroinformativo.com.mx\/index.php?rest_route=%2Fwp%2Fv2%2Fcomments&post=48401"}],"version-history":[{"count":1,"href":"https:\/\/encuentroinformativo.com.mx\/index.php?rest_route=\/wp\/v2\/posts\/48401\/revisions"}],"predecessor-version":[{"id":48406,"href":"https:\/\/encuentroinformativo.com.mx\/index.php?rest_route=\/wp\/v2\/posts\/48401\/revisions\/48406"}],"wp:featuredmedia":[{"embeddable":true,"href":"https:\/\/encuentroinformativo.com.mx\/index.php?rest_route=\/wp\/v2\/media\/48402"}],"wp:attachment":[{"href":"https:\/\/encuentroinformativo.com.mx\/index.php?rest_route=%2Fwp%2Fv2%2Fmedia&parent=48401"}],"wp:term":[{"taxonomy":"category","embeddable":true,"href":"https:\/\/encuentroinformativo.com.mx\/index.php?rest_route=%2Fwp%2Fv2%2Fcategories&post=48401"},{"taxonomy":"post_tag","embeddable":true,"href":"https:\/\/encuentroinformativo.com.mx\/index.php?rest_route=%2Fwp%2Fv2%2Ftags&post=48401"}],"curies":[{"name":"wp","href":"https:\/\/api.w.org\/{rel}","templated":true}]}}