{"id":48409,"date":"2023-12-11T11:18:35","date_gmt":"2023-12-11T17:18:35","guid":{"rendered":"https:\/\/encuentroinformativo.com.mx\/?p=48409"},"modified":"2023-12-11T11:18:40","modified_gmt":"2023-12-11T17:18:40","slug":"cambian-papaqui-navideno-al-bulevar-de-veracruz","status":"publish","type":"post","link":"https:\/\/encuentroinformativo.com.mx\/?p=48409","title":{"rendered":"Cambian &#8220;papaqui&#8221; navide\u00f1o al bulevar de Veracruz"},"content":{"rendered":"\n<p><strong>Alejandro \u00c1vila<\/strong><\/p>\n\n\n\n<p>Veracruz, Ver.- Debido al gran inter\u00e9s que ha mostrado la ciudadan\u00eda en redes sociales, es inminente el cambio de sede del &#8220;Papaqui Navide\u00f1o&#8221; que organiza el Ayuntamiento de Veracruz, y este se realizar\u00eda en el bulevar &#8220;Manuel \u00c1vila Camacho&#8221;, el pr\u00f3ximo domingo 17 de diciembre a partir de las 18 horas.<\/p>\n\n\n\n<p>La alcaldesa, Patricia Lobeira Rodr\u00edguez, inform\u00f3 que los carros aleg\u00f3ricos del Carnaval de Veracruz est\u00e1n siendo adaptados para que luzcan con motivos navide\u00f1os; se presume que en dicho desfile participar\u00e1n tres carros aleg\u00f3ricos adaptados, adem\u00e1s del Trenecito, y algunas comparsas y batucadas.<\/p>\n\n\n\n<p>&#8220;La ruta iba a ser Independencia, pero en vista de que ha tenido mucho \u00e9xito este anuncio queremos hacerlo en el bulevar. Entonces, eso es lo que quiero platicar ahorita con mi equipo, queremos cambiarlo hacia el bulevar para que luzca un poco m\u00e1s, no va a ser la misma distancia que el Carnaval, obviamente, va a ser un poco m\u00e1s corta, pero tengo que platicarlo con mi equipo ahorita, para que precisamente se haga ese cambio&#8221;, destac\u00f3.<\/p>\n\n\n\n<p>Adem\u00e1s de esta actividad, anunci\u00f3 que el pr\u00f3ximo jueves 14 de diciembre se realizar\u00e1 en la Macroplaza del Malec\u00f3n, el Concierto Navide\u00f1o del programa Orquestando Cumbia; y un d\u00eda despu\u00e9s, el viernes 15 de diciembre, la segunda edici\u00f3n del Festival del Esquite, ambos eventos iniciar\u00e1n a partir de las 18 horas.<\/p>\n\n\n\n<p>Finalmente, mencion\u00f3 que este martes 12 de diciembre ser\u00e1 el anuncio oficial del &#8220;Operativo Guadalupe &#8211; Reyes&#8221;, el cual estar\u00e1 activo del 12 de diciembre al 6 de enero, y donde participar\u00e1n diversas direcciones del Ayuntamiento de Veracruz, entre las que destacan: Tr\u00e1nsito Municipal, Polic\u00eda Municipal, Comercio, Gobernaci\u00f3n y Protecci\u00f3n Civil.<\/p>\n","protected":false},"excerpt":{"rendered":"<p>Alejandro \u00c1vila Veracruz, Ver.- Debido al gran inter\u00e9s que ha mostrado la ciudadan\u00eda en redes sociales, es inminente el cambio de sede del &#8220;Papaqui Navide\u00f1o&#8221; que organiza el Ayuntamiento de Veracruz, y este se realizar\u00eda en el bulevar &#8220;Manuel \u00c1vila Camacho&#8221;, el pr\u00f3ximo domingo 17 de diciembre a partir de las 18 horas. La alcaldesa, [&hellip;]<\/p>\n","protected":false},"author":2476,"featured_media":48410,"comment_status":"open","ping_status":"open","sticky":false,"template":"","format":"standard","meta":{"_jetpack_memberships_contains_paid_content":false,"footnotes":""},"categories":[2],"tags":[],"class_list":["post-48409","post","type-post","status-publish","format-standard","has-post-thumbnail","hentry","category-estado"],"jetpack_featured_media_url":"https:\/\/encuentroinformativo.com.mx\/wp-content\/uploads\/2023\/12\/IMG-20231211-WA00042.jpg","jetpack_sharing_enabled":true,"jetpack_likes_enabled":true,"amp_enabled":true,"_links":{"self":[{"href":"https:\/\/encuentroinformativo.com.mx\/index.php?rest_route=\/wp\/v2\/posts\/48409","targetHints":{"allow":["GET"]}}],"collection":[{"href":"https:\/\/encuentroinformativo.com.mx\/index.php?rest_route=\/wp\/v2\/posts"}],"about":[{"href":"https:\/\/encuentroinformativo.com.mx\/index.php?rest_route=\/wp\/v2\/types\/post"}],"author":[{"embeddable":true,"href":"https:\/\/encuentroinformativo.com.mx\/index.php?rest_route=\/wp\/v2\/users\/2476"}],"replies":[{"embeddable":true,"href":"https:\/\/encuentroinformativo.com.mx\/index.php?rest_route=%2Fwp%2Fv2%2Fcomments&post=48409"}],"version-history":[{"count":1,"href":"https:\/\/encuentroinformativo.com.mx\/index.php?rest_route=\/wp\/v2\/posts\/48409\/revisions"}],"predecessor-version":[{"id":48411,"href":"https:\/\/encuentroinformativo.com.mx\/index.php?rest_route=\/wp\/v2\/posts\/48409\/revisions\/48411"}],"wp:featuredmedia":[{"embeddable":true,"href":"https:\/\/encuentroinformativo.com.mx\/index.php?rest_route=\/wp\/v2\/media\/48410"}],"wp:attachment":[{"href":"https:\/\/encuentroinformativo.com.mx\/index.php?rest_route=%2Fwp%2Fv2%2Fmedia&parent=48409"}],"wp:term":[{"taxonomy":"category","embeddable":true,"href":"https:\/\/encuentroinformativo.com.mx\/index.php?rest_route=%2Fwp%2Fv2%2Fcategories&post=48409"},{"taxonomy":"post_tag","embeddable":true,"href":"https:\/\/encuentroinformativo.com.mx\/index.php?rest_route=%2Fwp%2Fv2%2Ftags&post=48409"}],"curies":[{"name":"wp","href":"https:\/\/api.w.org\/{rel}","templated":true}]}}