{"id":48415,"date":"2023-12-11T12:08:55","date_gmt":"2023-12-11T18:08:55","guid":{"rendered":"https:\/\/encuentroinformativo.com.mx\/?p=48415"},"modified":"2023-12-11T12:08:59","modified_gmt":"2023-12-11T18:08:59","slug":"madres-de-ninos-con-cancer-recaudan-juguetes-y-despensa-para-pacientes-de-hospital-infantil","status":"publish","type":"post","link":"https:\/\/encuentroinformativo.com.mx\/?p=48415","title":{"rendered":"Madres de ni\u00f1os con c\u00e1ncer recaudan juguetes y despensa para pacientes de Hospital Infantil"},"content":{"rendered":"\n<p><strong>Alejandro \u00c1vila<\/strong><\/p>\n\n\n\n<p>Veracruz, Ver.- A partir de este martes 12 de diciembre se instalar\u00e1 en bajos del Hospital Infantil (Torre Pedi\u00e1trica), un contenedor donde se realizar\u00e1 la colecta de juguetes y despensa para los pacientes del \u00e1rea oncol\u00f3gica.<\/p>\n\n\n\n<p>La vocera de las madres de ni\u00f1os con c\u00e1ncer, Cora de Jes\u00fas Rodr\u00edguez, mencion\u00f3 que estar\u00e1n que las 9 de la ma\u00f1ana a las 4 de la tarde, desde este martes 12 y hasta el pr\u00f3ximo domingo 17.<\/p>\n\n\n\n<p>&#8220;Estamos pidiendo juguetes, pi\u00f1atas, desechables para lo que es la Posada que va a ser en el quinto piso, el a\u00f1o pasado, este es el segundo a\u00f1o que vamos a hacer nuestra posada, el a\u00f1o pasado nos fue muy bien, logramos poderle dar esta ilusi\u00f3n a nuestros ni\u00f1os, vamos a tener una obra de teatro dentro de lo que es el quinto piso donde participa m\u00e9dicos y enfermeras y obviamente mam\u00e1s de onco (pediatr\u00eda), para poder seguir adelante en la lucha, y poder hacer que nuestros peque\u00f1itos se olviden un momento de su enfermedad&#8221;, destac\u00f3.<\/p>\n\n\n\n<p>En esta colecta tambi\u00e9n se estar\u00e1n recibiendo v\u00edveres, pues se les entregar\u00e1n unas peque\u00f1as despensas a las madres de familia que normalmente realizan un gasto extra para poder llevar a sus peque\u00f1os a las terapias.<\/p>\n\n\n\n<p>Cora de Jes\u00fas Rodr\u00edguez, mencion\u00f3 que en esta ocasi\u00f3n la Posada y los regalos no solamente ser\u00e1n para los peque\u00f1os que se ubican en el \u00e1rea de oncolog\u00eda, \u00e1rea de quemados y el departamento de enfermedades renales (nefrolog\u00eda).<\/p>\n","protected":false},"excerpt":{"rendered":"<p>Alejandro \u00c1vila Veracruz, Ver.- A partir de este martes 12 de diciembre se instalar\u00e1 en bajos del Hospital Infantil (Torre Pedi\u00e1trica), un contenedor donde se realizar\u00e1 la colecta de juguetes y despensa para los pacientes del \u00e1rea oncol\u00f3gica. La vocera de las madres de ni\u00f1os con c\u00e1ncer, Cora de Jes\u00fas Rodr\u00edguez, mencion\u00f3 que estar\u00e1n que [&hellip;]<\/p>\n","protected":false},"author":2476,"featured_media":48416,"comment_status":"open","ping_status":"open","sticky":false,"template":"","format":"standard","meta":{"_jetpack_memberships_contains_paid_content":false,"footnotes":""},"categories":[9],"tags":[],"class_list":["post-48415","post","type-post","status-publish","format-standard","has-post-thumbnail","hentry","category-salud"],"jetpack_featured_media_url":"https:\/\/encuentroinformativo.com.mx\/wp-content\/uploads\/2023\/12\/IMG-20231211-WA00132.jpg","jetpack_sharing_enabled":true,"jetpack_likes_enabled":true,"amp_enabled":true,"_links":{"self":[{"href":"https:\/\/encuentroinformativo.com.mx\/index.php?rest_route=\/wp\/v2\/posts\/48415","targetHints":{"allow":["GET"]}}],"collection":[{"href":"https:\/\/encuentroinformativo.com.mx\/index.php?rest_route=\/wp\/v2\/posts"}],"about":[{"href":"https:\/\/encuentroinformativo.com.mx\/index.php?rest_route=\/wp\/v2\/types\/post"}],"author":[{"embeddable":true,"href":"https:\/\/encuentroinformativo.com.mx\/index.php?rest_route=\/wp\/v2\/users\/2476"}],"replies":[{"embeddable":true,"href":"https:\/\/encuentroinformativo.com.mx\/index.php?rest_route=%2Fwp%2Fv2%2Fcomments&post=48415"}],"version-history":[{"count":1,"href":"https:\/\/encuentroinformativo.com.mx\/index.php?rest_route=\/wp\/v2\/posts\/48415\/revisions"}],"predecessor-version":[{"id":48417,"href":"https:\/\/encuentroinformativo.com.mx\/index.php?rest_route=\/wp\/v2\/posts\/48415\/revisions\/48417"}],"wp:featuredmedia":[{"embeddable":true,"href":"https:\/\/encuentroinformativo.com.mx\/index.php?rest_route=\/wp\/v2\/media\/48416"}],"wp:attachment":[{"href":"https:\/\/encuentroinformativo.com.mx\/index.php?rest_route=%2Fwp%2Fv2%2Fmedia&parent=48415"}],"wp:term":[{"taxonomy":"category","embeddable":true,"href":"https:\/\/encuentroinformativo.com.mx\/index.php?rest_route=%2Fwp%2Fv2%2Fcategories&post=48415"},{"taxonomy":"post_tag","embeddable":true,"href":"https:\/\/encuentroinformativo.com.mx\/index.php?rest_route=%2Fwp%2Fv2%2Ftags&post=48415"}],"curies":[{"name":"wp","href":"https:\/\/api.w.org\/{rel}","templated":true}]}}