{"id":48422,"date":"2023-12-11T12:27:30","date_gmt":"2023-12-11T18:27:30","guid":{"rendered":"https:\/\/encuentroinformativo.com.mx\/?p=48422"},"modified":"2023-12-11T12:27:36","modified_gmt":"2023-12-11T18:27:36","slug":"vientos-dejaron-derribo-de-arboles-en-xalapa-pc","status":"publish","type":"post","link":"https:\/\/encuentroinformativo.com.mx\/?p=48422","title":{"rendered":"Vientos dejaron derribo de \u00e1rboles en Xalapa: PC"},"content":{"rendered":"\n<p><strong>Dar\u00edo Pale <\/strong><\/p>\n\n\n\n<p>Xalapa, Ver.- El director de Protecci\u00f3n Civil Municipal, Francisco Luis Sardi\u00f1a Salgado Salgado dio a conocer que los efectos del Frente Fr\u00edo n\u00famero 16 causaron el derribo de 35 \u00e1rboles y dos postes de servicios de telefon\u00eda e internet en diferentes puntos de Xalapa.<\/p>\n\n\n\n<p>En entrevista record\u00f3 que debido a este evento se emiti\u00f3 una alerta especial desde el pasado viernes, por lo que tras los reportes emitidos por la ciudadan\u00eda, principalmente el domingo, el funcionario confirm\u00f3 que la mayor\u00eda de las afectaciones transcurrieron sin novedad.<\/p>\n\n\n\n<p>Lo anterior, a pesar de que en colonias como la Revoluci\u00f3n tambi\u00e9n se reportaron cortes de energ\u00eda el\u00e9ctrica.<\/p>\n\n\n\n<p>Aunque reiter\u00f3 el exhorto a la ciudadan\u00eda para que sigan las medidas de prevenci\u00f3n ante el descenso de temperatura y el riesgo que podr\u00eda generarse en espacios abiertos.<\/p>\n\n\n\n<p>Asimismo, el director de Protecci\u00f3n Civil pidi\u00f3 a la ciudadan\u00eda reportar los \u00e1rboles que pudieran estar a punto de caer, pues con ello se previenen posibles afectaciones.<\/p>\n\n\n\n<p>Finalmente se\u00f1al\u00f3 que, \u201ccuando vean un \u00e1rbol que est\u00e1 en malas condiciones favor de reportarlo a Medio Ambiente, que es el \u00e1rea competente. O alg\u00fan poste de Alumbrado P\u00fablico reportarlo a Alumbrado P\u00fablico\u201d.<\/p>\n\n\n\n<figure class=\"wp-block-image size-large\"><img loading=\"lazy\" decoding=\"async\" width=\"1024\" height=\"768\" src=\"https:\/\/encuentroinformativo.com.mx\/wp-content\/uploads\/2023\/12\/IMG-20231211-WA0019-1024x768.jpg\" alt=\"\" class=\"wp-image-48424\" srcset=\"https:\/\/encuentroinformativo.com.mx\/wp-content\/uploads\/2023\/12\/IMG-20231211-WA0019-1024x768.jpg 1024w, https:\/\/encuentroinformativo.com.mx\/wp-content\/uploads\/2023\/12\/IMG-20231211-WA0019-300x225.jpg 300w, https:\/\/encuentroinformativo.com.mx\/wp-content\/uploads\/2023\/12\/IMG-20231211-WA0019-768x576.jpg 768w, https:\/\/encuentroinformativo.com.mx\/wp-content\/uploads\/2023\/12\/IMG-20231211-WA0019.jpg 1280w\" sizes=\"auto, (max-width: 1024px) 100vw, 1024px\" \/><\/figure>\n","protected":false},"excerpt":{"rendered":"<p>Dar\u00edo Pale Xalapa, Ver.- El director de Protecci\u00f3n Civil Municipal, Francisco Luis Sardi\u00f1a Salgado Salgado dio a conocer que los efectos del Frente Fr\u00edo n\u00famero 16 causaron el derribo de 35 \u00e1rboles y dos postes de servicios de telefon\u00eda e internet en diferentes puntos de Xalapa. En entrevista record\u00f3 que debido a este evento se [&hellip;]<\/p>\n","protected":false},"author":2476,"featured_media":48423,"comment_status":"open","ping_status":"open","sticky":false,"template":"","format":"standard","meta":{"_jetpack_memberships_contains_paid_content":false,"footnotes":""},"categories":[3],"tags":[],"class_list":["post-48422","post","type-post","status-publish","format-standard","has-post-thumbnail","hentry","category-xalapa"],"jetpack_featured_media_url":"https:\/\/encuentroinformativo.com.mx\/wp-content\/uploads\/2023\/12\/IMG-20231211-WA0016.jpg","jetpack_sharing_enabled":true,"jetpack_likes_enabled":true,"amp_enabled":true,"_links":{"self":[{"href":"https:\/\/encuentroinformativo.com.mx\/index.php?rest_route=\/wp\/v2\/posts\/48422","targetHints":{"allow":["GET"]}}],"collection":[{"href":"https:\/\/encuentroinformativo.com.mx\/index.php?rest_route=\/wp\/v2\/posts"}],"about":[{"href":"https:\/\/encuentroinformativo.com.mx\/index.php?rest_route=\/wp\/v2\/types\/post"}],"author":[{"embeddable":true,"href":"https:\/\/encuentroinformativo.com.mx\/index.php?rest_route=\/wp\/v2\/users\/2476"}],"replies":[{"embeddable":true,"href":"https:\/\/encuentroinformativo.com.mx\/index.php?rest_route=%2Fwp%2Fv2%2Fcomments&post=48422"}],"version-history":[{"count":1,"href":"https:\/\/encuentroinformativo.com.mx\/index.php?rest_route=\/wp\/v2\/posts\/48422\/revisions"}],"predecessor-version":[{"id":48425,"href":"https:\/\/encuentroinformativo.com.mx\/index.php?rest_route=\/wp\/v2\/posts\/48422\/revisions\/48425"}],"wp:featuredmedia":[{"embeddable":true,"href":"https:\/\/encuentroinformativo.com.mx\/index.php?rest_route=\/wp\/v2\/media\/48423"}],"wp:attachment":[{"href":"https:\/\/encuentroinformativo.com.mx\/index.php?rest_route=%2Fwp%2Fv2%2Fmedia&parent=48422"}],"wp:term":[{"taxonomy":"category","embeddable":true,"href":"https:\/\/encuentroinformativo.com.mx\/index.php?rest_route=%2Fwp%2Fv2%2Fcategories&post=48422"},{"taxonomy":"post_tag","embeddable":true,"href":"https:\/\/encuentroinformativo.com.mx\/index.php?rest_route=%2Fwp%2Fv2%2Ftags&post=48422"}],"curies":[{"name":"wp","href":"https:\/\/api.w.org\/{rel}","templated":true}]}}