{"id":48426,"date":"2023-12-11T14:47:04","date_gmt":"2023-12-11T20:47:04","guid":{"rendered":"https:\/\/encuentroinformativo.com.mx\/?p=48426"},"modified":"2023-12-11T14:47:10","modified_gmt":"2023-12-11T20:47:10","slug":"unidos-todos-en-poza-rica-para-combatir-la-pobreza","status":"publish","type":"post","link":"https:\/\/encuentroinformativo.com.mx\/?p=48426","title":{"rendered":"Unidos Todos en Poza Rica para combatir la pobreza"},"content":{"rendered":"\n<p>Poza Rica, Ver.- El Maestro Eleazar Guerrero P\u00e9rez, l\u00edder de la Agrupaci\u00f3n Unidos Todos se reuni\u00f3 este d\u00eda con miles de veracruzanas y veracruzanos para escuchar las voces ciudadanas de la gente, a trav\u00e9s del Foro de expresi\u00f3n ciudadana, &#8220;La Cuarta Transformaci\u00f3n y Hacia D\u00f3nde Vamos\u201d y expres\u00f3 que solo Unidos Todos se puede combatir la pobreza.<\/p>\n\n\n\n<p>\u201cDurante casi 40 a\u00f1os esos gobiernos que nos mintieron, nos dec\u00edan que no era posible aumentar el salario m\u00ednimo m\u00e1s all\u00e1 de dos o tres pesos y as\u00ed nos tuvieron durante casi 40 a\u00f1os, pero cuando Andr\u00e9s Manuel L\u00f3pez Obrador tom\u00f3 las riendas del pa\u00eds se comprometi\u00f3 a elevarlo, hoy cumpliendo el quinto a\u00f1o de su gobierno nos anuncia otro 20 por ciento y en enero del 2024 el salario va a estar en 249 pesos\u201d, revel\u00f3.<\/p>\n\n\n\n<p>Tras escuchar a personas beneficiadas con los programas federales que ha impulsado en este sexenio el gobierno de la Cuarta Transformaci\u00f3n, destac\u00f3 que el camino para seguir transformando al pa\u00eds, viene de la mano del Presidente y la corriente pol\u00edtica de Morena, donde se ha impulsado el bienestar de los mexicanos.<\/p>\n\n\n\n<p>\u201cPor eso tenemos que escuchar a la gente y ver como la ha impactado la Cuarta Transformaci\u00f3n, por eso venimos haciendo estos foros de expresi\u00f3n\u201d, dijo.<\/p>\n\n\n\n<p>El \u201cguerrero de la 4T\u201d llam\u00f3 a los asistentes a recordar el pasado y de cara al proceso electoral 2024 exhort\u00f3 a todos a seguir contribuyendo a que cada d\u00eda m\u00e1s gente haga conciencia de la realidad que est\u00e1 viviendo M\u00e9xico y Veracruz, la denominada revoluci\u00f3n de las conciencias.<\/p>\n\n\n\n<p>\u201cTenemos que transformar nuestra forma de pensar, juntos, Unidos Todos mujeres y hombres construyamos el M\u00e9xico que hemos so\u00f1ado y que ahora tenemos m\u00e1s cerca que nunca, Unidos Todos es una aspiraci\u00f3n de vida\u201d, asegur\u00f3.<\/p>\n\n\n\n<p>Al dialogar con los presentes Guerrero P\u00e9rez enfatiz\u00f3 que es tiempo de mujeres e invit\u00f3 a todos a sumarse en el 2024 para seguir encaminados en la ruta de la transformaci\u00f3n.<\/p>\n\n\n\n<p>\u201cHoy tenemos un pa\u00eds donde podemos seguir enamor\u00e1ndonos, hoy si podemos hacer un Veracruz, m\u00e1s grande y m\u00e1s fuerte\u201d, finaliz\u00f3.<\/p>\n","protected":false},"excerpt":{"rendered":"<p>Poza Rica, Ver.- El Maestro Eleazar Guerrero P\u00e9rez, l\u00edder de la Agrupaci\u00f3n Unidos Todos se reuni\u00f3 este d\u00eda con miles de veracruzanas y veracruzanos para escuchar las voces ciudadanas de la gente, a trav\u00e9s del Foro de expresi\u00f3n ciudadana, &#8220;La Cuarta Transformaci\u00f3n y Hacia D\u00f3nde Vamos\u201d y expres\u00f3 que solo Unidos Todos se puede combatir [&hellip;]<\/p>\n","protected":false},"author":2476,"featured_media":48430,"comment_status":"open","ping_status":"open","sticky":false,"template":"","format":"standard","meta":{"_jetpack_memberships_contains_paid_content":false,"footnotes":""},"categories":[2],"tags":[],"class_list":["post-48426","post","type-post","status-publish","format-standard","has-post-thumbnail","hentry","category-estado"],"jetpack_featured_media_url":"https:\/\/encuentroinformativo.com.mx\/wp-content\/uploads\/2023\/12\/IMG-20231211-WA00562-scaled.jpg","jetpack_sharing_enabled":true,"jetpack_likes_enabled":true,"amp_enabled":true,"_links":{"self":[{"href":"https:\/\/encuentroinformativo.com.mx\/index.php?rest_route=\/wp\/v2\/posts\/48426","targetHints":{"allow":["GET"]}}],"collection":[{"href":"https:\/\/encuentroinformativo.com.mx\/index.php?rest_route=\/wp\/v2\/posts"}],"about":[{"href":"https:\/\/encuentroinformativo.com.mx\/index.php?rest_route=\/wp\/v2\/types\/post"}],"author":[{"embeddable":true,"href":"https:\/\/encuentroinformativo.com.mx\/index.php?rest_route=\/wp\/v2\/users\/2476"}],"replies":[{"embeddable":true,"href":"https:\/\/encuentroinformativo.com.mx\/index.php?rest_route=%2Fwp%2Fv2%2Fcomments&post=48426"}],"version-history":[{"count":1,"href":"https:\/\/encuentroinformativo.com.mx\/index.php?rest_route=\/wp\/v2\/posts\/48426\/revisions"}],"predecessor-version":[{"id":48428,"href":"https:\/\/encuentroinformativo.com.mx\/index.php?rest_route=\/wp\/v2\/posts\/48426\/revisions\/48428"}],"wp:featuredmedia":[{"embeddable":true,"href":"https:\/\/encuentroinformativo.com.mx\/index.php?rest_route=\/wp\/v2\/media\/48430"}],"wp:attachment":[{"href":"https:\/\/encuentroinformativo.com.mx\/index.php?rest_route=%2Fwp%2Fv2%2Fmedia&parent=48426"}],"wp:term":[{"taxonomy":"category","embeddable":true,"href":"https:\/\/encuentroinformativo.com.mx\/index.php?rest_route=%2Fwp%2Fv2%2Fcategories&post=48426"},{"taxonomy":"post_tag","embeddable":true,"href":"https:\/\/encuentroinformativo.com.mx\/index.php?rest_route=%2Fwp%2Fv2%2Ftags&post=48426"}],"curies":[{"name":"wp","href":"https:\/\/api.w.org\/{rel}","templated":true}]}}