{"id":48434,"date":"2023-12-11T15:11:57","date_gmt":"2023-12-11T21:11:57","guid":{"rendered":"https:\/\/encuentroinformativo.com.mx\/?p=48434"},"modified":"2023-12-11T15:12:01","modified_gmt":"2023-12-11T21:12:01","slug":"retrasan-pago-de-programa-de-jovenes","status":"publish","type":"post","link":"https:\/\/encuentroinformativo.com.mx\/?p=48434","title":{"rendered":"Retrasan pago de programa de j\u00f3venes"},"content":{"rendered":"\n<p><strong>Juan Arcos<\/strong><\/p>\n\n\n\n<p>Xalapa, Ver.- El pago de los beneficiarios del programa federal J\u00f3venes Construyendo el Futuro se ha atrasado diez d\u00edas y las autoridades no han establecido una fecha.<\/p>\n\n\n\n<p>Arely Hern\u00e1ndez Alvarado, presidenta de la asociaci\u00f3n civil Renovaci\u00f3n Veracruzana, indic\u00f3 que en la p\u00e1gina oficial del programa han externado su inconformidad las personas que est\u00e1n siendo afectadas por la falta del pago mencionado.<\/p>\n\n\n\n<p>Detall\u00f3 que los j\u00f3venes trabajaron durante un mes, cumpliendo con sus responsabilidades y gastando en sus necesidades, esperando que se les pague, pero hasta ahora no han recibido el dinero.<\/p>\n\n\n\n<p>Les dijeron que se resolver\u00eda en unos d\u00edas, pero ya pas\u00f3 la fecha l\u00edmite y a\u00fan no han recibido nada. Esto gener\u00f3 frustraci\u00f3n y decepci\u00f3n entre los beneficiarios.<\/p>\n\n\n\n<p>&#8220;Son d\u00edas ya trabajados, o sea, no es algo que ellos tengan que hacer todav\u00eda, y ya es un mes que lo trabajaron, un mes que asistieron puntualmente, realizaron sus labores, dejaron de hacer cualquier otra cosa, gastaron en sus comidas, sus vi\u00e1ticos, todo, para que nada m\u00e1s no les llegue el dinero\u201d.<\/p>\n\n\n\n<p>En la Secretar\u00eda de Bienestar les informaron que el problema depende directamente de la Secretar\u00eda del Trabajo, Previsi\u00f3n Social y Productividad (Stpsp), y en que en pr\u00f3ximos d\u00edas va a resolverse.<\/p>\n\n\n\n<p>\u201cPero a los j\u00f3venes les dijeron que a m\u00e1s tardar quedaba ayer, domingo 10 de diciembre, y nada. Entonces, as\u00ed se los llevan, as\u00ed se los llevan\u201d.<\/p>\n\n\n\n<p>En redes sociales difunden una circular donde se informa a los j\u00f3venes que hay un atraso con el pago de su beca, sin embargo, el dep\u00f3sito se garantiza a m\u00e1s tardar el 20 de diciembre.<\/p>\n","protected":false},"excerpt":{"rendered":"<p>Juan Arcos Xalapa, Ver.- El pago de los beneficiarios del programa federal J\u00f3venes Construyendo el Futuro se ha atrasado diez d\u00edas y las autoridades no han establecido una fecha. Arely Hern\u00e1ndez Alvarado, presidenta de la asociaci\u00f3n civil Renovaci\u00f3n Veracruzana, indic\u00f3 que en la p\u00e1gina oficial del programa han externado su inconformidad las personas que est\u00e1n [&hellip;]<\/p>\n","protected":false},"author":2476,"featured_media":48435,"comment_status":"open","ping_status":"open","sticky":false,"template":"","format":"standard","meta":{"_jetpack_memberships_contains_paid_content":false,"footnotes":""},"categories":[3],"tags":[],"class_list":["post-48434","post","type-post","status-publish","format-standard","has-post-thumbnail","hentry","category-xalapa"],"jetpack_featured_media_url":"https:\/\/encuentroinformativo.com.mx\/wp-content\/uploads\/2023\/12\/4429f0ba-13e4-417d-8bb8-e85daef1c356.jpg","jetpack_sharing_enabled":true,"jetpack_likes_enabled":true,"amp_enabled":true,"_links":{"self":[{"href":"https:\/\/encuentroinformativo.com.mx\/index.php?rest_route=\/wp\/v2\/posts\/48434","targetHints":{"allow":["GET"]}}],"collection":[{"href":"https:\/\/encuentroinformativo.com.mx\/index.php?rest_route=\/wp\/v2\/posts"}],"about":[{"href":"https:\/\/encuentroinformativo.com.mx\/index.php?rest_route=\/wp\/v2\/types\/post"}],"author":[{"embeddable":true,"href":"https:\/\/encuentroinformativo.com.mx\/index.php?rest_route=\/wp\/v2\/users\/2476"}],"replies":[{"embeddable":true,"href":"https:\/\/encuentroinformativo.com.mx\/index.php?rest_route=%2Fwp%2Fv2%2Fcomments&post=48434"}],"version-history":[{"count":1,"href":"https:\/\/encuentroinformativo.com.mx\/index.php?rest_route=\/wp\/v2\/posts\/48434\/revisions"}],"predecessor-version":[{"id":48436,"href":"https:\/\/encuentroinformativo.com.mx\/index.php?rest_route=\/wp\/v2\/posts\/48434\/revisions\/48436"}],"wp:featuredmedia":[{"embeddable":true,"href":"https:\/\/encuentroinformativo.com.mx\/index.php?rest_route=\/wp\/v2\/media\/48435"}],"wp:attachment":[{"href":"https:\/\/encuentroinformativo.com.mx\/index.php?rest_route=%2Fwp%2Fv2%2Fmedia&parent=48434"}],"wp:term":[{"taxonomy":"category","embeddable":true,"href":"https:\/\/encuentroinformativo.com.mx\/index.php?rest_route=%2Fwp%2Fv2%2Fcategories&post=48434"},{"taxonomy":"post_tag","embeddable":true,"href":"https:\/\/encuentroinformativo.com.mx\/index.php?rest_route=%2Fwp%2Fv2%2Ftags&post=48434"}],"curies":[{"name":"wp","href":"https:\/\/api.w.org\/{rel}","templated":true}]}}