{"id":48440,"date":"2023-12-11T16:10:23","date_gmt":"2023-12-11T22:10:23","guid":{"rendered":"https:\/\/encuentroinformativo.com.mx\/?p=48440"},"modified":"2023-12-11T16:10:26","modified_gmt":"2023-12-11T22:10:26","slug":"localizan-a-una-de-cinco-personas-desaparecidas-en-ciudad-mendoza","status":"publish","type":"post","link":"https:\/\/encuentroinformativo.com.mx\/?p=48440","title":{"rendered":"Localizan a una de cinco personas desaparecidas en Ciudad Mendoza"},"content":{"rendered":"\n<p><strong>Dar\u00edo Pale <\/strong><\/p>\n\n\n\n<p>Xalapa, Ver.- Localizan a uno de 5 desaparecidos en Mendoza, ser\u00eda privaci\u00f3n ilegal de la libertad, no se puede dar m\u00e1s informaci\u00f3n hasta garantizar la integridad del resto de los desaparecidos, y no respondi\u00f3 sobre la situaci\u00f3n del delegado de tr\u00e1nsito, al ser cuestionado el gobernador Cuitl\u00e1huac Garc\u00eda Jim\u00e9nez.<\/p>\n\n\n\n<p>En conferencia de prensa confirm\u00f3 la aparici\u00f3n de Leonardo Ortigoza Garc\u00eda, una de las cinco personas reportadas como desaparecidas el pasado 8 de diciembre, en Ciudad Mendoza, luego de acudir a hacer tr\u00e1mites a la delegaci\u00f3n de Tr\u00e1nsito.<\/p>\n\n\n\n<p>Indic\u00f3 que est\u00e1 en curso la investigaci\u00f3n, pero el compromiso de la Fiscal\u00eda General del Estado (FG), es localizar con vida al resto de las personas, se trata de Honorio L\u00f3pez Espidio, de 34 a\u00f1os; Antonio S\u00e1nchez L\u00f3pez, de 40 a\u00f1os; Ileana Ivette L\u00f3pez Espidio, de 27 a\u00f1os, y V\u00edctor Manuel Adelle S\u00e1nchez, de 35 a\u00f1os.<\/p>\n\n\n\n<p>Los reportes policiales definen que cuatro ser\u00edan empleados de una empresa privada y uno m\u00e1s ser\u00eda un ch\u00f3fer con otro veh\u00edculo que habr\u00eda sido detenido por elementos de la delegaci\u00f3n estatal de Tr\u00e1nsito.<\/p>\n\n\n\n<p>&#8220;Decirles que son s\u00f3lo cuatro, una de ellas ya fue localizada. No tiene que ver con las otras cuatro desapariciones, estamos trabajando en ello. Vamos a aclarar la situaci\u00f3n&#8221;, se\u00f1al\u00f3.<\/p>\n\n\n\n<p>&#8220;En este momento lo que yo diga o que se pudiera expresar p\u00fablicamente pudiera entorpecer o poner en una situaci\u00f3n delicada lo que est\u00e1 pasando ah\u00ed, nosotros tenemos que agilizar la b\u00fasqueda y dar con los responsables&#8221;, agreg\u00f3.<\/p>\n\n\n\n<p>El Ejecutivo sostuvo que se har\u00e1 justicia y adelant\u00f3 que podr\u00eda tratarse de una privaci\u00f3n ilegal de la libertad, por lo que la Fiscal\u00eda deber\u00e1 determinarlo.<\/p>\n\n\n\n<p>Garc\u00eda Jim\u00e9nez mencion\u00f3 que en Mendoza, el domingo por la madrugada, se registr\u00f3 el homicidio de un elemento de la corporaci\u00f3n afuera de la Ciudad, pero asegur\u00f3 que se dar\u00e1 con los responsables.<\/p>\n\n\n\n<p>Coment\u00f3 que la instrucci\u00f3n es que se haga la b\u00fasqueda de las personas que hasta el momento se encuentran en calidad de no localizadas, con vida.<\/p>\n\n\n\n<p>Revel\u00f3 que hay una sola l\u00ednea de investigaci\u00f3n con respecto a las otras cuatro personas y el homicidio del agente de Tr\u00e1nsito, pero no pod\u00eda dar a conocer m\u00e1s datos porque est\u00e1 en juego la vida de las personas.<\/p>\n\n\n\n<p>&#8220;Pero se est\u00e1 atendiendo. Decirle a las familias que estamos en el tema, que tenemos datos precisos y que la Fiscal\u00eda est\u00e1 haciendo lo suyo&#8221;, a\u00f1adi\u00f3.<\/p>\n\n\n\n<p>Por \u00faltimo al ser cuestionado sobre la supuesta fuga que se habr\u00eda dado del Delegado, el Mandatario esquiv\u00f3 responder al respecto y dijo que la Fiscal\u00eda dar\u00e1 a conocer mayores datos, hasta que se garantice la vida de las personas.<\/p>\n","protected":false},"excerpt":{"rendered":"<p>Dar\u00edo Pale Xalapa, Ver.- Localizan a uno de 5 desaparecidos en Mendoza, ser\u00eda privaci\u00f3n ilegal de la libertad, no se puede dar m\u00e1s informaci\u00f3n hasta garantizar la integridad del resto de los desaparecidos, y no respondi\u00f3 sobre la situaci\u00f3n del delegado de tr\u00e1nsito, al ser cuestionado el gobernador Cuitl\u00e1huac Garc\u00eda Jim\u00e9nez. En conferencia de prensa [&hellip;]<\/p>\n","protected":false},"author":2476,"featured_media":48441,"comment_status":"open","ping_status":"open","sticky":false,"template":"","format":"standard","meta":{"_jetpack_memberships_contains_paid_content":false,"footnotes":""},"categories":[2],"tags":[],"class_list":["post-48440","post","type-post","status-publish","format-standard","has-post-thumbnail","hentry","category-estado"],"jetpack_featured_media_url":"https:\/\/encuentroinformativo.com.mx\/wp-content\/uploads\/2023\/12\/IMG-20231211-WA0081.jpg","jetpack_sharing_enabled":true,"jetpack_likes_enabled":true,"amp_enabled":true,"_links":{"self":[{"href":"https:\/\/encuentroinformativo.com.mx\/index.php?rest_route=\/wp\/v2\/posts\/48440","targetHints":{"allow":["GET"]}}],"collection":[{"href":"https:\/\/encuentroinformativo.com.mx\/index.php?rest_route=\/wp\/v2\/posts"}],"about":[{"href":"https:\/\/encuentroinformativo.com.mx\/index.php?rest_route=\/wp\/v2\/types\/post"}],"author":[{"embeddable":true,"href":"https:\/\/encuentroinformativo.com.mx\/index.php?rest_route=\/wp\/v2\/users\/2476"}],"replies":[{"embeddable":true,"href":"https:\/\/encuentroinformativo.com.mx\/index.php?rest_route=%2Fwp%2Fv2%2Fcomments&post=48440"}],"version-history":[{"count":1,"href":"https:\/\/encuentroinformativo.com.mx\/index.php?rest_route=\/wp\/v2\/posts\/48440\/revisions"}],"predecessor-version":[{"id":48442,"href":"https:\/\/encuentroinformativo.com.mx\/index.php?rest_route=\/wp\/v2\/posts\/48440\/revisions\/48442"}],"wp:featuredmedia":[{"embeddable":true,"href":"https:\/\/encuentroinformativo.com.mx\/index.php?rest_route=\/wp\/v2\/media\/48441"}],"wp:attachment":[{"href":"https:\/\/encuentroinformativo.com.mx\/index.php?rest_route=%2Fwp%2Fv2%2Fmedia&parent=48440"}],"wp:term":[{"taxonomy":"category","embeddable":true,"href":"https:\/\/encuentroinformativo.com.mx\/index.php?rest_route=%2Fwp%2Fv2%2Fcategories&post=48440"},{"taxonomy":"post_tag","embeddable":true,"href":"https:\/\/encuentroinformativo.com.mx\/index.php?rest_route=%2Fwp%2Fv2%2Ftags&post=48440"}],"curies":[{"name":"wp","href":"https:\/\/api.w.org\/{rel}","templated":true}]}}