{"id":48443,"date":"2023-12-11T17:29:24","date_gmt":"2023-12-11T23:29:24","guid":{"rendered":"https:\/\/encuentroinformativo.com.mx\/?p=48443"},"modified":"2023-12-11T17:29:30","modified_gmt":"2023-12-11T23:29:30","slug":"buscara-angelica-navarrete-la-diputacion-de-boca-del-rio","status":"publish","type":"post","link":"https:\/\/encuentroinformativo.com.mx\/?p=48443","title":{"rendered":"Buscar\u00e1 Ang\u00e9lica Navarrete la diputaci\u00f3n de Boca del R\u00edo"},"content":{"rendered":"\n<p><strong>Alejandro \u00c1vila<\/strong><\/p>\n\n\n\n<p>Boca del R\u00edo, Ver.- La l\u00edder del sindicato &#8220;Jos\u00e9 Azueta&#8221; de ex trabajadores del SAS Metropolitano, Ang\u00e9lica Navarrete Mendoza, se registr\u00f3 como aspirante la diputaci\u00f3n local del distrito 16 con cabecera en Boca del R\u00edo.<\/p>\n\n\n\n<p>La l\u00eddereza hizo el pre registro hace unos d\u00edas para ser tomada encuenta en la encuesta de Morena; de ser la mejor evaluada, podr\u00eda ser la candidata del mencionado partido por el Distrito 16.<\/p>\n\n\n\n<p>Cabe recordar que Ang\u00e9lica Navarrete fue la gestora de varios beneficios para los ex trabajadores del Sistema de Agua y Saneamiento (SAS) Metropolitano de Veracruz, Boca del R\u00edo y Medell\u00edn de Bravo; posteriormente tras su desaparici\u00f3n en el 2016 se volvi\u00f3 una luchadora social, la cual ha velado por la remuneraci\u00f3n econ\u00f3mica a los ex trabajadores qui\u00e9nes fueron despedidos injustamente.<\/p>\n\n\n\n<p>Posteriormente, se ha convertido en una activista que ha luchado por la desaparici\u00f3n del Grupo MAS, debido a que la empresa privada no ha cumplido con lo estipulado en su contrato, y ante lo cual y por incumplimiento deber\u00edan de retirarle la concesi\u00f3n. Ahora Ang\u00e9lica Navarrete busca continuar con su activismo a trav\u00e9s del Congreso de Veracruz.<\/p>\n","protected":false},"excerpt":{"rendered":"<p>Alejandro \u00c1vila Boca del R\u00edo, Ver.- La l\u00edder del sindicato &#8220;Jos\u00e9 Azueta&#8221; de ex trabajadores del SAS Metropolitano, Ang\u00e9lica Navarrete Mendoza, se registr\u00f3 como aspirante la diputaci\u00f3n local del distrito 16 con cabecera en Boca del R\u00edo. La l\u00eddereza hizo el pre registro hace unos d\u00edas para ser tomada encuenta en la encuesta de Morena; [&hellip;]<\/p>\n","protected":false},"author":2476,"featured_media":48444,"comment_status":"open","ping_status":"open","sticky":false,"template":"","format":"standard","meta":{"_jetpack_memberships_contains_paid_content":false,"footnotes":""},"categories":[2],"tags":[],"class_list":["post-48443","post","type-post","status-publish","format-standard","has-post-thumbnail","hentry","category-estado"],"jetpack_featured_media_url":"https:\/\/encuentroinformativo.com.mx\/wp-content\/uploads\/2023\/12\/IMG-20231211-WA0139.jpg","jetpack_sharing_enabled":true,"jetpack_likes_enabled":true,"amp_enabled":true,"_links":{"self":[{"href":"https:\/\/encuentroinformativo.com.mx\/index.php?rest_route=\/wp\/v2\/posts\/48443","targetHints":{"allow":["GET"]}}],"collection":[{"href":"https:\/\/encuentroinformativo.com.mx\/index.php?rest_route=\/wp\/v2\/posts"}],"about":[{"href":"https:\/\/encuentroinformativo.com.mx\/index.php?rest_route=\/wp\/v2\/types\/post"}],"author":[{"embeddable":true,"href":"https:\/\/encuentroinformativo.com.mx\/index.php?rest_route=\/wp\/v2\/users\/2476"}],"replies":[{"embeddable":true,"href":"https:\/\/encuentroinformativo.com.mx\/index.php?rest_route=%2Fwp%2Fv2%2Fcomments&post=48443"}],"version-history":[{"count":1,"href":"https:\/\/encuentroinformativo.com.mx\/index.php?rest_route=\/wp\/v2\/posts\/48443\/revisions"}],"predecessor-version":[{"id":48445,"href":"https:\/\/encuentroinformativo.com.mx\/index.php?rest_route=\/wp\/v2\/posts\/48443\/revisions\/48445"}],"wp:featuredmedia":[{"embeddable":true,"href":"https:\/\/encuentroinformativo.com.mx\/index.php?rest_route=\/wp\/v2\/media\/48444"}],"wp:attachment":[{"href":"https:\/\/encuentroinformativo.com.mx\/index.php?rest_route=%2Fwp%2Fv2%2Fmedia&parent=48443"}],"wp:term":[{"taxonomy":"category","embeddable":true,"href":"https:\/\/encuentroinformativo.com.mx\/index.php?rest_route=%2Fwp%2Fv2%2Fcategories&post=48443"},{"taxonomy":"post_tag","embeddable":true,"href":"https:\/\/encuentroinformativo.com.mx\/index.php?rest_route=%2Fwp%2Fv2%2Ftags&post=48443"}],"curies":[{"name":"wp","href":"https:\/\/api.w.org\/{rel}","templated":true}]}}