{"id":48448,"date":"2023-12-12T11:10:42","date_gmt":"2023-12-12T17:10:42","guid":{"rendered":"https:\/\/encuentroinformativo.com.mx\/?p=48448"},"modified":"2023-12-12T11:10:45","modified_gmt":"2023-12-12T17:10:45","slug":"rechazan-estudiantes-a-directora-de-prepa-en-coatepec","status":"publish","type":"post","link":"https:\/\/encuentroinformativo.com.mx\/?p=48448","title":{"rendered":"Rechazan estudiantes a directora de prepa en Coatepec"},"content":{"rendered":"\n<p><strong>Dar\u00edo Pale <\/strong><\/p>\n\n\n\n<p>Xalapa, Ver.- Estudiantes de Coatepec protestan por cambios de escudo en preparatoria por parte de la directora adem\u00e1s de que los alumnos y docentes la acusaron de que los intimida por lo que est\u00e1n solicitando su destituci\u00f3n.<\/p>\n\n\n\n<p>Desde las 06:30 horas alumnos acompa\u00f1ados por algunos padres de familia y docentes se manifestaron a las afueras de la escuela de bachilleres &#8220;Joaqu\u00edn Ram\u00edrez Caba\u00f1as&#8221;, en un inicio bloquearon el acceso al plantel.<\/p>\n\n\n\n<p>Al no obtener respuesta por parte de las autoridades correspondientes por lo que aproximadamente a las 07:30 horas los alumnos decidieron bloquear el bulevar Xalapa-Coatepec en protesta por el cambio del escudo de la escuela el cual fue realizado por la propia directora del plantel Isabel Obando Castellanos.<\/p>\n\n\n\n<p>Argumentaron que el escudo anterior que estuvo en uso por casi 30 a\u00f1os lo hizo un estudiante al ganar un concurso y que la directora que lleg\u00f3 de Xalapa hizo el cambio de escudo &#8220;sin identidad y sin concensarlo&#8221;, adem\u00e1s de imponerlo, se\u00f1alaron que incluye rasgos militares.<\/p>\n\n\n\n<p>&#8220;Lo hizo ella, lo impone y parte de eso tiene rasgos militares, incluso el rango de soldado&#8221;.<br>Por \u00faltimo dieron a conocer que la nueva directora acosa e intimida tanto a los docentes como a los alumnos por lo que est\u00e1n solicitando la renuncia o el cambio de la misma, a las 08:15 se abri\u00f3 al circulaci\u00f3n<\/p>\n","protected":false},"excerpt":{"rendered":"<p>Dar\u00edo Pale Xalapa, Ver.- Estudiantes de Coatepec protestan por cambios de escudo en preparatoria por parte de la directora adem\u00e1s de que los alumnos y docentes la acusaron de que los intimida por lo que est\u00e1n solicitando su destituci\u00f3n. Desde las 06:30 horas alumnos acompa\u00f1ados por algunos padres de familia y docentes se manifestaron a [&hellip;]<\/p>\n","protected":false},"author":2476,"featured_media":48449,"comment_status":"open","ping_status":"open","sticky":false,"template":"","format":"standard","meta":{"_jetpack_memberships_contains_paid_content":false,"footnotes":""},"categories":[8],"tags":[],"class_list":["post-48448","post","type-post","status-publish","format-standard","has-post-thumbnail","hentry","category-region"],"jetpack_featured_media_url":"https:\/\/encuentroinformativo.com.mx\/wp-content\/uploads\/2023\/12\/IMG-20231212-WA0017.jpg","jetpack_sharing_enabled":true,"jetpack_likes_enabled":true,"amp_enabled":true,"_links":{"self":[{"href":"https:\/\/encuentroinformativo.com.mx\/index.php?rest_route=\/wp\/v2\/posts\/48448","targetHints":{"allow":["GET"]}}],"collection":[{"href":"https:\/\/encuentroinformativo.com.mx\/index.php?rest_route=\/wp\/v2\/posts"}],"about":[{"href":"https:\/\/encuentroinformativo.com.mx\/index.php?rest_route=\/wp\/v2\/types\/post"}],"author":[{"embeddable":true,"href":"https:\/\/encuentroinformativo.com.mx\/index.php?rest_route=\/wp\/v2\/users\/2476"}],"replies":[{"embeddable":true,"href":"https:\/\/encuentroinformativo.com.mx\/index.php?rest_route=%2Fwp%2Fv2%2Fcomments&post=48448"}],"version-history":[{"count":1,"href":"https:\/\/encuentroinformativo.com.mx\/index.php?rest_route=\/wp\/v2\/posts\/48448\/revisions"}],"predecessor-version":[{"id":48450,"href":"https:\/\/encuentroinformativo.com.mx\/index.php?rest_route=\/wp\/v2\/posts\/48448\/revisions\/48450"}],"wp:featuredmedia":[{"embeddable":true,"href":"https:\/\/encuentroinformativo.com.mx\/index.php?rest_route=\/wp\/v2\/media\/48449"}],"wp:attachment":[{"href":"https:\/\/encuentroinformativo.com.mx\/index.php?rest_route=%2Fwp%2Fv2%2Fmedia&parent=48448"}],"wp:term":[{"taxonomy":"category","embeddable":true,"href":"https:\/\/encuentroinformativo.com.mx\/index.php?rest_route=%2Fwp%2Fv2%2Fcategories&post=48448"},{"taxonomy":"post_tag","embeddable":true,"href":"https:\/\/encuentroinformativo.com.mx\/index.php?rest_route=%2Fwp%2Fv2%2Ftags&post=48448"}],"curies":[{"name":"wp","href":"https:\/\/api.w.org\/{rel}","templated":true}]}}