{"id":48454,"date":"2023-12-12T12:43:59","date_gmt":"2023-12-12T18:43:59","guid":{"rendered":"https:\/\/encuentroinformativo.com.mx\/?p=48454"},"modified":"2023-12-12T12:44:05","modified_gmt":"2023-12-12T18:44:05","slug":"asociacion-de-padres-presenta-denuncia-por-abuso-de-confianza","status":"publish","type":"post","link":"https:\/\/encuentroinformativo.com.mx\/?p=48454","title":{"rendered":"Asociaci\u00f3n de padres presenta denuncia por abuso de confianza"},"content":{"rendered":"\n<p><strong>Dar\u00edo Pale <\/strong><\/p>\n\n\n\n<p>Xalapa, Ver.- Dieron a conocer que ayer lunes presentaron ante la Fiscal\u00eda General del Estado (FGE), la denuncia contra quienes resulten responsables por el presunto delito de abuso de confianza, por el dinero que no fue entregado de parte de la administraci\u00f3n pasada.<\/p>\n\n\n\n<p>En conferencia de prensa, Laura V\u00e1zquez, tesorera; Maribel Rodr\u00edguez, secretaria; Yamileth Galindo, presidenta; y Jorge Araujo, vocal de la Asociaci\u00f3n de Padres de Familia de la Escuela Secundaria T\u00e9cnica n\u00famero 3 de Xalapa, se\u00f1alaron que la denuncia fue presentada para que las autoridades realicen las acciones pertinentes, dado que no recibieron recursos de parte de la pasada administraci\u00f3n.<\/p>\n\n\n\n<p>Mencionaron que la directiva actual, que representan, entr\u00f3 en funciones el pasado 3 de octubre, pero se les entregaron las fichas de ingreso y los libros de contabilidad apenas el pasado 28 de noviembre.<\/p>\n\n\n\n<p>\u201cLa Asociaci\u00f3n anterior no nos entreg\u00f3 cuentas, no nos rindieron cuentas de nada y estuvimos persiguiendo a la extesorera para que nos diera la informaci\u00f3n y fue hasta finales de noviembre, el 28 de noviembre nos dio un libro con egresos de los gastos que se hicieron y tambi\u00e9n las listas de cotejo de las aportaciones de los padres\u201d, se\u00f1alaron.<\/p>\n\n\n\n<p>Tras ello, dijeron, se realiz\u00f3 una revisi\u00f3n minuciosa y se percataron de que existe una diferencia significativa porque no se contaba con dinero, datos que se dieron a conocer a los padres de familia.<\/p>\n\n\n\n<p>&#8220;No tenemos la cifra exacta del faltante porque se pidi\u00f3 un peritaje, se pidieron los estados de cuenta, no hemos manejado una cifra, estamos esperando a que nos ayude la fiscal, la extesorera nos dijo que se hac\u00eda responsable del faltante que hubiera. Presentamos la denuncia, pero no podemos dar a conocer el expediente\u201d, comentaron.<\/p>\n\n\n\n<p>Informaron que al percatarse de los hechos realizaron reuniones con los padres de familia, a fin de darles a conocer los datos; sin embargo, en redes sociales y en algunos medios de comunicaci\u00f3n surgi\u00f3 informaci\u00f3n, la cual, aseguraron, es falsa.<\/p>\n\n\n\n<p>&#8220;Hicimos una reuni\u00f3n con toda la Mesa Directiva, en la que estuvieron todos los vocales y al d\u00eda siguiente comenz\u00f3 a salir informaci\u00f3n que no coincid\u00eda con la que nosotros les hab\u00edamos dado, ante la situaci\u00f3n convocamos a cada grupo con los pap\u00e1s para decirles de manera personal lo que estaba pasando porque hab\u00eda datos falsos\u201d, dijeron en la conferencia de prensa.<\/p>\n\n\n\n<p>Destacaron que en la dicha reuni\u00f3n participaron representantes de la SEV, quienes corroboraron las acciones que se realizan desde la Asociaci\u00f3n.<\/p>\n\n\n\n<p>Dejaron en claro que el grupo de pap\u00e1s que se ha organizado de manera separada no tiene relaci\u00f3n con las acciones llevadas a cabo por la actual Mesa Directiva.<\/p>\n\n\n\n<p>Adem\u00e1s, defendieron a la directora de la instituci\u00f3n, Ernestina del Callejo \u00c1ngeles, al argumentar que no tiene injerencia en el uso de los recursos, por lo que es rechazaron que se haya pedido su renuncia.\u00a0<\/p>\n\n\n\n<p>&#8220;Los directivos no tienen injerencia en el uso de recursos, de acuerdo al reglamento de la Asociaci\u00f3n de Padres de Familia, son los propios padres quienes administran el recurso para darle mantenimiento a la escuela, por tal motivo la maestra Ernestina no tiene manejo sobre el recurso\u201d, acusaron.<\/p>\n\n\n\n<p>Aunque reconocieron que durante la pasada administraci\u00f3n s\u00ed se realizaron acciones en la escuela y se llevaron a cabo acciones educativas, manifestaron que las aportaciones iniciales de los padres de familia son suficientes para todo el ciclo escolar, adem\u00e1s de que tiene que ser entregada una base de recursos para que dar continuaci\u00f3n a las acciones al interior de la escuela.<\/p>\n\n\n\n<p>Finalmente pidieron a los padres de familia confiar en el proceso legal y acercarse a la Asociaci\u00f3n de Padres de Familia para aclarar todas las dudas que se tengan al respecto.<\/p>\n","protected":false},"excerpt":{"rendered":"<p>Dar\u00edo Pale Xalapa, Ver.- Dieron a conocer que ayer lunes presentaron ante la Fiscal\u00eda General del Estado (FGE), la denuncia contra quienes resulten responsables por el presunto delito de abuso de confianza, por el dinero que no fue entregado de parte de la administraci\u00f3n pasada. En conferencia de prensa, Laura V\u00e1zquez, tesorera; Maribel Rodr\u00edguez, secretaria; [&hellip;]<\/p>\n","protected":false},"author":2476,"featured_media":48455,"comment_status":"open","ping_status":"open","sticky":false,"template":"","format":"standard","meta":{"_jetpack_memberships_contains_paid_content":false,"footnotes":""},"categories":[3],"tags":[],"class_list":["post-48454","post","type-post","status-publish","format-standard","has-post-thumbnail","hentry","category-xalapa"],"jetpack_featured_media_url":"https:\/\/encuentroinformativo.com.mx\/wp-content\/uploads\/2023\/12\/IMG-20231212-WA0052.jpg","jetpack_sharing_enabled":true,"jetpack_likes_enabled":true,"amp_enabled":true,"_links":{"self":[{"href":"https:\/\/encuentroinformativo.com.mx\/index.php?rest_route=\/wp\/v2\/posts\/48454","targetHints":{"allow":["GET"]}}],"collection":[{"href":"https:\/\/encuentroinformativo.com.mx\/index.php?rest_route=\/wp\/v2\/posts"}],"about":[{"href":"https:\/\/encuentroinformativo.com.mx\/index.php?rest_route=\/wp\/v2\/types\/post"}],"author":[{"embeddable":true,"href":"https:\/\/encuentroinformativo.com.mx\/index.php?rest_route=\/wp\/v2\/users\/2476"}],"replies":[{"embeddable":true,"href":"https:\/\/encuentroinformativo.com.mx\/index.php?rest_route=%2Fwp%2Fv2%2Fcomments&post=48454"}],"version-history":[{"count":1,"href":"https:\/\/encuentroinformativo.com.mx\/index.php?rest_route=\/wp\/v2\/posts\/48454\/revisions"}],"predecessor-version":[{"id":48456,"href":"https:\/\/encuentroinformativo.com.mx\/index.php?rest_route=\/wp\/v2\/posts\/48454\/revisions\/48456"}],"wp:featuredmedia":[{"embeddable":true,"href":"https:\/\/encuentroinformativo.com.mx\/index.php?rest_route=\/wp\/v2\/media\/48455"}],"wp:attachment":[{"href":"https:\/\/encuentroinformativo.com.mx\/index.php?rest_route=%2Fwp%2Fv2%2Fmedia&parent=48454"}],"wp:term":[{"taxonomy":"category","embeddable":true,"href":"https:\/\/encuentroinformativo.com.mx\/index.php?rest_route=%2Fwp%2Fv2%2Fcategories&post=48454"},{"taxonomy":"post_tag","embeddable":true,"href":"https:\/\/encuentroinformativo.com.mx\/index.php?rest_route=%2Fwp%2Fv2%2Ftags&post=48454"}],"curies":[{"name":"wp","href":"https:\/\/api.w.org\/{rel}","templated":true}]}}