{"id":48469,"date":"2023-12-12T19:46:38","date_gmt":"2023-12-13T01:46:38","guid":{"rendered":"https:\/\/encuentroinformativo.com.mx\/?p=48469"},"modified":"2023-12-12T19:46:42","modified_gmt":"2023-12-13T01:46:42","slug":"promueven-gala-navidena-en-favor-de-ninos-con-cancer","status":"publish","type":"post","link":"https:\/\/encuentroinformativo.com.mx\/?p=48469","title":{"rendered":"Promueven Gala Navide\u00f1a en favor de ni\u00f1os con c\u00e1ncer"},"content":{"rendered":"\n<p><strong>Dar\u00edo Pale <\/strong><\/p>\n\n\n\n<p>Xalapa, Ver.- La directora de la Fundaci\u00f3n LEPACH, Elia Mar\u00eda Beltr\u00e1n Coronel dio a conocer que con una Gala Navide\u00f1a buscan apoyar a ni\u00f1os con c\u00e1ncer, en esta ocasi\u00f3n buscan recaudar fondos en favor de un trasplante de m\u00e9dula \u00f3sea, la cual ser\u00e1 este s\u00e1bado 16 de diciembre a las 19:00 horas, en el recinto cultural Tlaqn\u00e1.<\/p>\n\n\n\n<p>En conferencia de prensa los integrantes de la asociaci\u00f3n civil Luz y Esperanza para Amigos con C\u00e1ncer (LEPACH), dieron a conocer la Gala Navide\u00f1a con Causa que se llevar\u00e1 a cabo este s\u00e1bado 16 de diciembre a las 19:00 horas, en el recinto cultural Tlaqn\u00e1.<\/p>\n\n\n\n<p>Dieron a conocer que la finalidad del evento es recaudar fondos en favor del fondo de trasplante de m\u00e9dula \u00f3sea sea, en beneficio de menores de edad sometidos a dicho procedimiento.<\/p>\n\n\n\n<p>\u201cJuntos podemos ayudar a llevar un rayo de esperanza y alegr\u00eda a las vidas afectadas por el c\u00e1ncer, con la satisfacci\u00f3n de donar el cien por ciento de lo recaudado y mostrando que el esp\u00edritu de la Navidad es la solidaridad y el amor compartido\u201d, se\u00f1al\u00f3.<\/p>\n\n\n\n<p>Explic\u00f3 que lo recaudado ser\u00e1 destinado para pagar hospitales, traslados y casas de cuidado posterior al procedimiento quir\u00fargico de ni\u00f1os que tienen leucemia y que son candidatos para un trasplante de m\u00e9dula \u00f3sea.\u00a0<\/p>\n\n\n\n<p>&#8220;Los ni\u00f1os se van a Ciudad de M\u00e9xico a hacer el trasplante de m\u00e9dula \u00f3sea y nosotros pagamos las cuotas de recuperaci\u00f3n de los hospitales, los pasajes de traslados de los ni\u00f1os antes y despu\u00e9s del trasplante, estamos habilitando la casa puente que es el lugar en donde los ni\u00f1os llegan para estar al menos 3 meses en Xalapa\u201d, coment\u00f3.<\/p>\n\n\n\n<p>Asimismo, Beltr\u00e1n Coronel destac\u00f3 que durante el evento se contar\u00e1 con la participaci\u00f3n de la Orquesta Sinf\u00f3nica de Xalapa (OSX) quienes cautivar\u00e1n a los presentes con varias obras navide\u00f1as como: El Cascanueces&#8221; de Piotr I. Tchaikovsky, &#8220;A Christmas Festival&#8221; de Leroy Anderson y &#8220;Adeste fidelis&#8221; de Arthur Harris.<\/p>\n\n\n\n<p>Finalmente record\u00f3 que los interesados en asistir podr\u00e1n adquirir sus boletos en la p\u00e1gina de Empresas UV, a trav\u00e9s del link:\u00a0<a rel=\"noreferrer noopener\" href=\"https:\/\/empresasuv.comprarboletos.com\/\" target=\"_blank\">HTTPS:\/\/EMPRESASUV.COMPRARBOLETOS.COM<\/a><\/p>\n","protected":false},"excerpt":{"rendered":"<p>Dar\u00edo Pale Xalapa, Ver.- La directora de la Fundaci\u00f3n LEPACH, Elia Mar\u00eda Beltr\u00e1n Coronel dio a conocer que con una Gala Navide\u00f1a buscan apoyar a ni\u00f1os con c\u00e1ncer, en esta ocasi\u00f3n buscan recaudar fondos en favor de un trasplante de m\u00e9dula \u00f3sea, la cual ser\u00e1 este s\u00e1bado 16 de diciembre a las 19:00 horas, en [&hellip;]<\/p>\n","protected":false},"author":2476,"featured_media":48470,"comment_status":"open","ping_status":"open","sticky":false,"template":"","format":"standard","meta":{"_jetpack_memberships_contains_paid_content":false,"footnotes":""},"categories":[9],"tags":[],"class_list":["post-48469","post","type-post","status-publish","format-standard","has-post-thumbnail","hentry","category-salud"],"jetpack_featured_media_url":"https:\/\/encuentroinformativo.com.mx\/wp-content\/uploads\/2023\/12\/IMG-20231212-WA0086.jpg","jetpack_sharing_enabled":true,"jetpack_likes_enabled":true,"amp_enabled":true,"_links":{"self":[{"href":"https:\/\/encuentroinformativo.com.mx\/index.php?rest_route=\/wp\/v2\/posts\/48469","targetHints":{"allow":["GET"]}}],"collection":[{"href":"https:\/\/encuentroinformativo.com.mx\/index.php?rest_route=\/wp\/v2\/posts"}],"about":[{"href":"https:\/\/encuentroinformativo.com.mx\/index.php?rest_route=\/wp\/v2\/types\/post"}],"author":[{"embeddable":true,"href":"https:\/\/encuentroinformativo.com.mx\/index.php?rest_route=\/wp\/v2\/users\/2476"}],"replies":[{"embeddable":true,"href":"https:\/\/encuentroinformativo.com.mx\/index.php?rest_route=%2Fwp%2Fv2%2Fcomments&post=48469"}],"version-history":[{"count":1,"href":"https:\/\/encuentroinformativo.com.mx\/index.php?rest_route=\/wp\/v2\/posts\/48469\/revisions"}],"predecessor-version":[{"id":48471,"href":"https:\/\/encuentroinformativo.com.mx\/index.php?rest_route=\/wp\/v2\/posts\/48469\/revisions\/48471"}],"wp:featuredmedia":[{"embeddable":true,"href":"https:\/\/encuentroinformativo.com.mx\/index.php?rest_route=\/wp\/v2\/media\/48470"}],"wp:attachment":[{"href":"https:\/\/encuentroinformativo.com.mx\/index.php?rest_route=%2Fwp%2Fv2%2Fmedia&parent=48469"}],"wp:term":[{"taxonomy":"category","embeddable":true,"href":"https:\/\/encuentroinformativo.com.mx\/index.php?rest_route=%2Fwp%2Fv2%2Fcategories&post=48469"},{"taxonomy":"post_tag","embeddable":true,"href":"https:\/\/encuentroinformativo.com.mx\/index.php?rest_route=%2Fwp%2Fv2%2Ftags&post=48469"}],"curies":[{"name":"wp","href":"https:\/\/api.w.org\/{rel}","templated":true}]}}