{"id":4847,"date":"2020-08-12T13:50:44","date_gmt":"2020-08-12T18:50:44","guid":{"rendered":"https:\/\/encuentroinformativo.com\/?p=4847"},"modified":"2020-08-12T13:50:46","modified_gmt":"2020-08-12T18:50:46","slug":"alerta-conagua-por-incremento-en-niveles-de-los-rios","status":"publish","type":"post","link":"https:\/\/encuentroinformativo.com.mx\/?p=4847","title":{"rendered":"Alerta Conagua por incremento en niveles de los r\u00edos"},"content":{"rendered":"\n<p><strong>Juan Arcos <\/strong><\/p>\n\n\n\n<p>Xalapa, Ver.- La Comisi\u00f3n Nacional del Agua (Conagua) emiti\u00f3 una alerta por el incremento en los niveles de los r\u00edos en la zona sur de la entidad.<\/p>\n\n\n\n<p>La jefa de Hidrometeorolog\u00eda del Organismo de Cuenca Golfo Centro de la Conagua, Jessica Iveth Luna Lagunes, revel\u00f3 que sigue el monitoreo de los r\u00edos Papaloapan, Tesechoac\u00e1n, San Juan y Coatzacoalcos; sin embargo, ninguno ha superado su nivel de desbordamiento.<\/p>\n\n\n\n<p>La entrevistada detall\u00f3 que, hasta las 11:00 horas de este mi\u00e9rcoles, el nivel del r\u00edo Coatzacoalcos, a la altura de La Perla, municipio de Jes\u00fas Carranza, se encontraba a 14 cent\u00edmetros de su nivel m\u00e1ximo de desbordamiento.<\/p>\n\n\n\n<p>En dicho municipio, localizado en el sureste del estado, en la regi\u00f3n olmeca, se reportan afectaciones a viviendas por el acumulamiento de agua pluvial, pues en esa zona han llovido entre 150 y 200 litros por metro cuadrado al d\u00eda.<\/p>\n\n\n\n<p>\u201cTodav\u00eda no hay un desbordamiento como tal, es m\u00e1s bien por inundaci\u00f3n pluvial, hay algunas afectaciones\u201d, expres\u00f3 Luna Lagunes.<\/p>\n\n\n\n<p>La Secretar\u00eda de la Defensa Nacional (Sedena) implement\u00f3 el Plan DN-III-E en el municipio de Jes\u00fas Carranza, donde personal adscrito a la vig\u00e9sima novena Zona Militar se coordin\u00f3 con la Secretar\u00eda de Protecci\u00f3n Civil (PC) y la Secretar\u00eda de Seguridad P\u00fablica (SSP), para evacuar 20 viviendas.<\/p>\n\n\n\n<p>En el lugar, tambi\u00e9n fue removido el escombro para salvaguardar la integridad de la poblaci\u00f3n, debido al desbordamiento del R\u00edo Jaltepec.<\/p>\n\n\n\n<p>La Jefa de Hidrometeorolog\u00eda de la Conagua pidi\u00f3 a los municipios de Jes\u00fas Carranza, Minatitl\u00e1n, Hidalgotitl\u00e1n y Texistepec estar pendientes por el ascenso en los niveles del r\u00edo Coatzacoalcos durante los pr\u00f3ximos d\u00edas, pues persistir\u00e1n las condiciones para lluvias.<\/p>\n\n\n\n<p>\u201cEs un r\u00edo de repuesta lenta, por lo que pudiera estar incrementando en los siguientes dos a cinco d\u00edas hacia la parte media y hacia la parte alta\u201d, a\u00f1adi\u00f3.<\/p>\n\n\n\n<p><\/p>\n","protected":false},"excerpt":{"rendered":"<p>Juan Arcos Xalapa, Ver.- La Comisi\u00f3n Nacional del Agua (Conagua) emiti\u00f3 una alerta por el incremento en los niveles de los r\u00edos en la zona sur de la entidad. La jefa de Hidrometeorolog\u00eda del Organismo de Cuenca Golfo Centro de la Conagua, Jessica Iveth Luna Lagunes, revel\u00f3 que sigue el monitoreo de los r\u00edos Papaloapan, [&hellip;]<\/p>\n","protected":false},"author":1,"featured_media":4848,"comment_status":"open","ping_status":"open","sticky":false,"template":"","format":"standard","meta":{"_jetpack_memberships_contains_paid_content":false,"footnotes":""},"categories":[2],"tags":[],"class_list":["post-4847","post","type-post","status-publish","format-standard","has-post-thumbnail","hentry","category-estado"],"jetpack_featured_media_url":"https:\/\/encuentroinformativo.com.mx\/wp-content\/uploads\/2020\/08\/91D1884B-C54D-4379-8DBC-6F3A784F5CA7.jpeg","jetpack_sharing_enabled":true,"jetpack_likes_enabled":true,"amp_enabled":true,"_links":{"self":[{"href":"https:\/\/encuentroinformativo.com.mx\/index.php?rest_route=\/wp\/v2\/posts\/4847","targetHints":{"allow":["GET"]}}],"collection":[{"href":"https:\/\/encuentroinformativo.com.mx\/index.php?rest_route=\/wp\/v2\/posts"}],"about":[{"href":"https:\/\/encuentroinformativo.com.mx\/index.php?rest_route=\/wp\/v2\/types\/post"}],"author":[{"embeddable":true,"href":"https:\/\/encuentroinformativo.com.mx\/index.php?rest_route=\/wp\/v2\/users\/1"}],"replies":[{"embeddable":true,"href":"https:\/\/encuentroinformativo.com.mx\/index.php?rest_route=%2Fwp%2Fv2%2Fcomments&post=4847"}],"version-history":[{"count":1,"href":"https:\/\/encuentroinformativo.com.mx\/index.php?rest_route=\/wp\/v2\/posts\/4847\/revisions"}],"predecessor-version":[{"id":4849,"href":"https:\/\/encuentroinformativo.com.mx\/index.php?rest_route=\/wp\/v2\/posts\/4847\/revisions\/4849"}],"wp:featuredmedia":[{"embeddable":true,"href":"https:\/\/encuentroinformativo.com.mx\/index.php?rest_route=\/wp\/v2\/media\/4848"}],"wp:attachment":[{"href":"https:\/\/encuentroinformativo.com.mx\/index.php?rest_route=%2Fwp%2Fv2%2Fmedia&parent=4847"}],"wp:term":[{"taxonomy":"category","embeddable":true,"href":"https:\/\/encuentroinformativo.com.mx\/index.php?rest_route=%2Fwp%2Fv2%2Fcategories&post=4847"},{"taxonomy":"post_tag","embeddable":true,"href":"https:\/\/encuentroinformativo.com.mx\/index.php?rest_route=%2Fwp%2Fv2%2Ftags&post=4847"}],"curies":[{"name":"wp","href":"https:\/\/api.w.org\/{rel}","templated":true}]}}